{"id":8777,"date":"2015-12-15T14:44:48","date_gmt":"2015-12-15T14:44:48","guid":{"rendered":"http:\/\/blogs.funiber.org\/pt\/?p=8777"},"modified":"2015-12-15T14:44:48","modified_gmt":"2015-12-15T14:44:48","slug":"funiber-neuroeducacao-revela-impacto-emocoes-aprendizagem","status":"publish","type":"post","link":"https:\/\/www.funiber.blog\/pt\/formacao-professores\/2015\/12\/15\/funiber-neuroeducacao-revela-impacto-emocoes-aprendizagem","title":{"rendered":"Neuroeduca\u00e7\u00e3o revela o impacto das emo\u00e7\u00f5es na aprendizagem"},"content":{"rendered":"<h2>Maria Jos\u00e9 Codina enfatiza a import\u00e2ncia das emo\u00e7\u00f5es na aprendizagem e refor\u00e7a a import\u00e2ncia do professor na cria\u00e7\u00e3o de modelos c\u00edvicos para os alunos.<\/h2>\n<p>Uma das principais descobertas da neuroeduca\u00e7\u00e3o \u00e9 o <strong>grande impacto das emo\u00e7\u00f5es na aprendizagem.<\/strong> De acordo com a Doutora em Filosofia Maria Jos\u00e9 Codina, num artigo publicado por <a href=\"http:\/\/diarieducacio.cat\/maria-jose-codina-la-neuroeducacio-ens-descobreix-limpacte-de-les-emocions-en-laprenentatge\/?utm_source=Subscriptors&amp;utm_campaign=0fd9bae663-Newsletter_general_2015_02_06&amp;utm_medium=email&amp;utm_term=0_80c91da0fa-0fd9bae663-142959361\" target=\"_blank\">El Diari de l\u2019Educaci\u00f3<\/a>, <strong>uma das melhores maneiras de favorecer o aprendizado \u00e9 estabelecer um v\u00ednculo emocional com o aluno<\/strong>. \u201cPara o estudante aprender, tem que ter um <em>feedback<\/em> do professor. Depende de como falemos as coisas, podemos ajudar ou dificultar sua aprendizagem\u201d, diz.<\/p>\n<p><!--more--><\/p>\n<p>Codina acredita que <strong>o professor tem que ter uma atitude de interesse pela vida dos alunos e gerar um v\u00ednculo mais forte entre eles, fazendo com o que o aluno se sinta mais conectado e, consequentemente, preste mais aten\u00e7\u00e3o em aula.<\/strong> \u00a0\u201cSe voc\u00ea se interessa por eles em sala, depois s\u00e3o eles que interessam por voc\u00ea\u201d, complementa.<\/p>\n<p>Para ela, um aluno s\u00f3 pergunta em aula se se sente seguro. Caso contr\u00e1rio, as emo\u00e7\u00f5es negativas tornam-se um obst\u00e1culo direto para a sua aprendizagem, j\u00e1 que \u201ctemos um filtro no nosso c\u00e9rebro que, quando se encontra em uma situa\u00e7\u00e3o de alerta, se enfoca neste perigo e n\u00e3o consegue processar os <em>inputs<\/em> exteriores.\u201d.<\/p>\n<p><strong>Neuroeduca\u00e7\u00e3o\u00a0em virtudes<\/strong><\/p>\n<p>Codina \u00e9 tamb\u00e9m autora do livro <a href=\"http:\/\/www.octaedro.com\/OCTart.asp?libro=16075&amp;id=es&amp;txt=Neuroeducaci%F3n%20en%20virtudes%20cordiales\" target=\"_blank\">Neuroeduca\u00e7\u00e3o em virtudes cordiais: como reconciliar o que dizemos com o que fazemos<\/a><em>,<\/em> em que argumenta que a neuroeduca\u00e7\u00e3o pode ajudar na constru\u00e7\u00e3o de uma cidadania c\u00edvica.<\/p>\n<p>Por meio da repeti\u00e7\u00e3o de qualquer a\u00e7\u00e3o, afirma que <strong>o c\u00e9rebro estabelece conex\u00f5es neuronais que podem ficar cada vez mais fortes e modificar a estrutura cerebral, transformando a\u00e7\u00f5es em h\u00e1bitos<\/strong>, como acontece com a m\u00fasica ou com o esporte, mas que pode acontecer tamb\u00e9m com a aquisi\u00e7\u00e3o de h\u00e1bitos c\u00edvicos.<\/p>\n<p>Codina argumenta que o contexto educativo pode modificar a estrutura do c\u00e9rebro. \u201cSe voc\u00ea educa por meio do di\u00e1logo, da escuta e da argumenta\u00e7\u00e3o em todas as aulas ao longo dos anos, \u00e9 poss\u00edvel modificar a estrutura cerebral dos estudantes fazendo com que eles repitam essas a\u00e7\u00f5es de maneira autom\u00e1tica\u201d.<\/p>\n<p>\u00c9 claro que muitos alunos n\u00e3o est\u00e3o dispostos a aceitar o modelo dos professores, mas Codina \u00e9 clara: n\u00e3o adianta impor a autoridade de qualquer maneira;<strong> se o professor trabalha a empatia, com certeza os alunos estar\u00e3o atentos, trabalhar\u00e3o muito e n\u00e3o entrar\u00e3o em conflito com o docente.<\/strong><\/p>\n<p>Aplicar os avan\u00e7os da neuroeduca\u00e7\u00e3o em sala de aula pode ser de grande utilidade para os alunos da <strong><a href=\"http:\/\/www.funiber.org.br\/areas-de-conhecimento\/formacao-de-professores\/\" target=\"_blank\">\u00c1rea de Forma\u00e7\u00e3o de Professores<\/a><\/strong> da <strong><a href=\"http:\/\/www.funiber.org.br\/\" target=\"_blank\">FUNIBER<\/a>,<\/strong> que poder\u00e3o aprimorar todos os conhecimentos obtidos ao longo do curso com o apoio de uma ci\u00eancia que est\u00e1 em plena evolu\u00e7\u00e3o.<\/p>\n<p>Fonte: <a href=\"http:\/\/fnbr.es\/1yd\" target=\"_blank\">http:\/\/fnbr.es\/1yd<\/a><\/p>\n<p>Foto: Todos os direitos reservados iStock<\/p>\n","protected":false},"excerpt":{"rendered":"<p>Maria Jos\u00e9 Codina enfatiza a import\u00e2ncia das emo\u00e7\u00f5es na aprendizagem e refor\u00e7a a import\u00e2ncia do professor na cria\u00e7\u00e3o de modelos c\u00edvicos para os alunos. Uma das principais descobertas da neuroeduca\u00e7\u00e3o \u00e9 o grande impacto das emo\u00e7\u00f5es na aprendizagem. De acordo com a Doutora em Filosofia Maria Jos\u00e9 Codina, num artigo publicado por El Diari de [&hellip;]<\/p>\n","protected":false},"author":16,"featured_media":8779,"comment_status":"closed","ping_status":"closed","sticky":false,"template":"","format":"standard","meta":{"jetpack_post_was_ever_published":false,"_jetpack_newsletter_access":"","_jetpack_newsletter_tier_id":0,"footnotes":"","jetpack_publicize_message":"","jetpack_is_tweetstorm":false,"jetpack_publicize_feature_enabled":true,"jetpack_social_post_already_shared":false,"jetpack_social_options":{"image_generator_settings":{"template":"highway","enabled":false}}},"categories":[5],"tags":[285,408,686,248,911,960,641,255,642],"jetpack_publicize_connections":[],"yoast_head":"<!-- This site is optimized with the Yoast SEO plugin v21.7 - https:\/\/yoast.com\/wordpress\/plugins\/seo\/ -->\n<title>Neuroeduca\u00e7\u00e3o revela o impacto de emo\u00e7\u00f5es na aprendizagem<\/title>\n<meta name=\"description\" content=\"Neuroeduca\u00e7\u00e3o enfatiza a import\u00e2ncia das emo\u00e7\u00f5es na aprendizagem e refor\u00e7a a import\u00e2ncia do professor na cria\u00e7\u00e3o de modelos c\u00edvicos para os alunos.\" \/>\n<meta name=\"robots\" content=\"noindex, nofollow\" \/>\n<meta property=\"og:locale\" content=\"pt_BR\" \/>\n<meta property=\"og:type\" content=\"article\" \/>\n<meta property=\"og:title\" content=\"Neuroeduca\u00e7\u00e3o revela o impacto de emo\u00e7\u00f5es na aprendizagem\" \/>\n<meta property=\"og:description\" content=\"Neuroeduca\u00e7\u00e3o enfatiza a import\u00e2ncia das emo\u00e7\u00f5es na aprendizagem e refor\u00e7a a import\u00e2ncia do professor na cria\u00e7\u00e3o de modelos c\u00edvicos para os alunos.\" \/>\n<meta property=\"og:url\" content=\"https:\/\/blogs.funiber.org\/pt\/formacao-professores\/2015\/12\/15\/funiber-neuroeducacao-revela-impacto-emocoes-aprendizagem\" \/>\n<meta property=\"og:site_name\" content=\"FuniBlogs - FUNIBER\" \/>\n<meta property=\"article:publisher\" content=\"https:\/\/www.facebook.com\/funiber\" \/>\n<meta property=\"article:published_time\" content=\"2015-12-15T14:44:48+00:00\" \/>\n<meta property=\"og:image\" content=\"https:\/\/blogs.funiber.org\/pt\/wp-content\/uploads\/2015\/12\/iStock_000061685888_XXX-pequena.jpg\" \/>\n\t<meta property=\"og:image:width\" content=\"640\" \/>\n\t<meta property=\"og:image:height\" content=\"427\" \/>\n\t<meta property=\"og:image:type\" content=\"image\/jpeg\" \/>\n<meta name=\"author\" content=\"Mariana Dornelles\" \/>\n<meta name=\"twitter:card\" content=\"summary_large_image\" \/>\n<meta name=\"twitter:creator\" content=\"@FUNIBER\" \/>\n<meta name=\"twitter:site\" content=\"@FUNIBER\" \/>\n<meta name=\"twitter:label1\" content=\"Escrito por\" \/>\n\t<meta name=\"twitter:data1\" content=\"Mariana Dornelles\" \/>\n\t<meta name=\"twitter:label2\" content=\"Est. tempo de leitura\" \/>\n\t<meta name=\"twitter:data2\" content=\"2 minutos\" \/>\n<script type=\"application\/ld+json\" class=\"yoast-schema-graph\">{\"@context\":\"https:\/\/schema.org\",\"@graph\":[{\"@type\":\"Article\",\"@id\":\"https:\/\/blogs.funiber.org\/pt\/formacao-professores\/2015\/12\/15\/funiber-neuroeducacao-revela-impacto-emocoes-aprendizagem#article\",\"isPartOf\":{\"@id\":\"https:\/\/blogs.funiber.org\/pt\/formacao-professores\/2015\/12\/15\/funiber-neuroeducacao-revela-impacto-emocoes-aprendizagem\"},\"author\":{\"name\":\"Mariana Dornelles\",\"@id\":\"https:\/\/blogs.funiber.org\/pt\/#\/schema\/person\/cebedd0aef5286687ce641276452c76d\"},\"headline\":\"Neuroeduca\u00e7\u00e3o revela o impacto das emo\u00e7\u00f5es na aprendizagem\",\"datePublished\":\"2015-12-15T14:44:48+00:00\",\"dateModified\":\"2015-12-15T14:44:48+00:00\",\"mainEntityOfPage\":{\"@id\":\"https:\/\/blogs.funiber.org\/pt\/formacao-professores\/2015\/12\/15\/funiber-neuroeducacao-revela-impacto-emocoes-aprendizagem\"},\"wordCount\":507,\"publisher\":{\"@id\":\"https:\/\/blogs.funiber.org\/pt\/#organization\"},\"keywords\":[\"Educa\u00e7\u00e3o\",\"Educa\u00e7\u00e3o a Dist\u00e2ncia\",\"Forma\u00e7\u00e3o de Professores\",\"Funiber\",\"FUNIBER Opini\u00f5es\",\"Neuroeduca\u00e7\u00e3o\",\"Opini\u00e3o FUNIBER\",\"Opini\u00f5es Funiber\",\"Professores\"],\"articleSection\":[\"Educa\u00e7\u00e3o,\u00a0Forma\u00e7\u00e3o Professores\"],\"inLanguage\":\"pt-BR\"},{\"@type\":\"WebPage\",\"@id\":\"https:\/\/blogs.funiber.org\/pt\/formacao-professores\/2015\/12\/15\/funiber-neuroeducacao-revela-impacto-emocoes-aprendizagem\",\"url\":\"https:\/\/blogs.funiber.org\/pt\/formacao-professores\/2015\/12\/15\/funiber-neuroeducacao-revela-impacto-emocoes-aprendizagem\",\"name\":\"Neuroeduca\u00e7\u00e3o revela o impacto de emo\u00e7\u00f5es na aprendizagem\",\"isPartOf\":{\"@id\":\"https:\/\/blogs.funiber.org\/pt\/#website\"},\"datePublished\":\"2015-12-15T14:44:48+00:00\",\"dateModified\":\"2015-12-15T14:44:48+00:00\",\"description\":\"Neuroeduca\u00e7\u00e3o enfatiza a import\u00e2ncia das emo\u00e7\u00f5es na aprendizagem e refor\u00e7a a import\u00e2ncia do professor na cria\u00e7\u00e3o de modelos c\u00edvicos para os alunos.\",\"breadcrumb\":{\"@id\":\"https:\/\/blogs.funiber.org\/pt\/formacao-professores\/2015\/12\/15\/funiber-neuroeducacao-revela-impacto-emocoes-aprendizagem#breadcrumb\"},\"inLanguage\":\"pt-BR\",\"potentialAction\":[{\"@type\":\"ReadAction\",\"target\":[\"https:\/\/blogs.funiber.org\/pt\/formacao-professores\/2015\/12\/15\/funiber-neuroeducacao-revela-impacto-emocoes-aprendizagem\"]}]},{\"@type\":\"BreadcrumbList\",\"@id\":\"https:\/\/blogs.funiber.org\/pt\/formacao-professores\/2015\/12\/15\/funiber-neuroeducacao-revela-impacto-emocoes-aprendizagem#breadcrumb\",\"itemListElement\":[{\"@type\":\"ListItem\",\"position\":1,\"name\":\"In\u00edcio\",\"item\":\"https:\/\/blogs.funiber.org\/pt\"},{\"@type\":\"ListItem\",\"position\":2,\"name\":\"Neuroeduca\u00e7\u00e3o revela o impacto das emo\u00e7\u00f5es na aprendizagem\"}]},{\"@type\":\"WebSite\",\"@id\":\"https:\/\/blogs.funiber.org\/pt\/#website\",\"url\":\"https:\/\/blogs.funiber.org\/pt\/\",\"name\":\"FuniBlogs - FUNIBER\",\"description\":\"\",\"publisher\":{\"@id\":\"https:\/\/blogs.funiber.org\/pt\/#organization\"},\"potentialAction\":[{\"@type\":\"SearchAction\",\"target\":{\"@type\":\"EntryPoint\",\"urlTemplate\":\"https:\/\/blogs.funiber.org\/pt\/?s={search_term_string}\"},\"query-input\":\"required name=search_term_string\"}],\"inLanguage\":\"pt-BR\"},{\"@type\":\"Organization\",\"@id\":\"https:\/\/blogs.funiber.org\/pt\/#organization\",\"name\":\"FuniBlogs - FUNIBER\",\"url\":\"https:\/\/blogs.funiber.org\/pt\/\",\"logo\":{\"@type\":\"ImageObject\",\"inLanguage\":\"pt-BR\",\"@id\":\"https:\/\/blogs.funiber.org\/pt\/#\/schema\/logo\/image\/\",\"url\":\"https:\/\/www.funiber.blog\/pt\/wp-content\/uploads\/2022\/02\/logo-funiber-pt-br-v-dos.svg\",\"contentUrl\":\"https:\/\/www.funiber.blog\/pt\/wp-content\/uploads\/2022\/02\/logo-funiber-pt-br-v-dos.svg\",\"width\":1,\"height\":1,\"caption\":\"FuniBlogs - FUNIBER\"},\"image\":{\"@id\":\"https:\/\/blogs.funiber.org\/pt\/#\/schema\/logo\/image\/\"},\"sameAs\":[\"https:\/\/www.facebook.com\/funiber\",\"https:\/\/twitter.com\/FUNIBER\",\"https:\/\/www.instagram.com\/funiber_becas\",\"https:\/\/www.youtube.com\/user\/funiber\",\"https:\/\/www.linkedin.com\/company\/funiber\"]},{\"@type\":\"Person\",\"@id\":\"https:\/\/blogs.funiber.org\/pt\/#\/schema\/person\/cebedd0aef5286687ce641276452c76d\",\"name\":\"Mariana Dornelles\",\"image\":{\"@type\":\"ImageObject\",\"inLanguage\":\"pt-BR\",\"@id\":\"https:\/\/blogs.funiber.org\/pt\/#\/schema\/person\/image\/\",\"url\":\"https:\/\/secure.gravatar.com\/avatar\/2fbaa65ea908e82807b005c351db3c9d?s=96&d=mm&r=g\",\"contentUrl\":\"https:\/\/secure.gravatar.com\/avatar\/2fbaa65ea908e82807b005c351db3c9d?s=96&d=mm&r=g\",\"caption\":\"Mariana Dornelles\"},\"url\":\"https:\/\/www.funiber.blog\/pt\/author\/mariana-dornelles\"}]}<\/script>\n<!-- \/ Yoast SEO plugin. -->","yoast_head_json":{"title":"Neuroeduca\u00e7\u00e3o revela o impacto de emo\u00e7\u00f5es na aprendizagem","description":"Neuroeduca\u00e7\u00e3o enfatiza a import\u00e2ncia das emo\u00e7\u00f5es na aprendizagem e refor\u00e7a a import\u00e2ncia do professor na cria\u00e7\u00e3o de modelos c\u00edvicos para os alunos.","robots":{"index":"noindex","follow":"nofollow"},"og_locale":"pt_BR","og_type":"article","og_title":"Neuroeduca\u00e7\u00e3o revela o impacto de emo\u00e7\u00f5es na aprendizagem","og_description":"Neuroeduca\u00e7\u00e3o enfatiza a import\u00e2ncia das emo\u00e7\u00f5es na aprendizagem e refor\u00e7a a import\u00e2ncia do professor na cria\u00e7\u00e3o de modelos c\u00edvicos para os alunos.","og_url":"https:\/\/blogs.funiber.org\/pt\/formacao-professores\/2015\/12\/15\/funiber-neuroeducacao-revela-impacto-emocoes-aprendizagem","og_site_name":"FuniBlogs - FUNIBER","article_publisher":"https:\/\/www.facebook.com\/funiber","article_published_time":"2015-12-15T14:44:48+00:00","og_image":[{"width":640,"height":427,"url":"https:\/\/blogs.funiber.org\/pt\/wp-content\/uploads\/2015\/12\/iStock_000061685888_XXX-pequena.jpg","type":"image\/jpeg"}],"author":"Mariana Dornelles","twitter_card":"summary_large_image","twitter_creator":"@FUNIBER","twitter_site":"@FUNIBER","twitter_misc":{"Escrito por":"Mariana Dornelles","Est. tempo de leitura":"2 minutos"},"schema":{"@context":"https:\/\/schema.org","@graph":[{"@type":"Article","@id":"https:\/\/blogs.funiber.org\/pt\/formacao-professores\/2015\/12\/15\/funiber-neuroeducacao-revela-impacto-emocoes-aprendizagem#article","isPartOf":{"@id":"https:\/\/blogs.funiber.org\/pt\/formacao-professores\/2015\/12\/15\/funiber-neuroeducacao-revela-impacto-emocoes-aprendizagem"},"author":{"name":"Mariana Dornelles","@id":"https:\/\/blogs.funiber.org\/pt\/#\/schema\/person\/cebedd0aef5286687ce641276452c76d"},"headline":"Neuroeduca\u00e7\u00e3o revela o impacto das emo\u00e7\u00f5es na aprendizagem","datePublished":"2015-12-15T14:44:48+00:00","dateModified":"2015-12-15T14:44:48+00:00","mainEntityOfPage":{"@id":"https:\/\/blogs.funiber.org\/pt\/formacao-professores\/2015\/12\/15\/funiber-neuroeducacao-revela-impacto-emocoes-aprendizagem"},"wordCount":507,"publisher":{"@id":"https:\/\/blogs.funiber.org\/pt\/#organization"},"keywords":["Educa\u00e7\u00e3o","Educa\u00e7\u00e3o a Dist\u00e2ncia","Forma\u00e7\u00e3o de Professores","Funiber","FUNIBER Opini\u00f5es","Neuroeduca\u00e7\u00e3o","Opini\u00e3o FUNIBER","Opini\u00f5es Funiber","Professores"],"articleSection":["Educa\u00e7\u00e3o,\u00a0Forma\u00e7\u00e3o Professores"],"inLanguage":"pt-BR"},{"@type":"WebPage","@id":"https:\/\/blogs.funiber.org\/pt\/formacao-professores\/2015\/12\/15\/funiber-neuroeducacao-revela-impacto-emocoes-aprendizagem","url":"https:\/\/blogs.funiber.org\/pt\/formacao-professores\/2015\/12\/15\/funiber-neuroeducacao-revela-impacto-emocoes-aprendizagem","name":"Neuroeduca\u00e7\u00e3o revela o impacto de emo\u00e7\u00f5es na aprendizagem","isPartOf":{"@id":"https:\/\/blogs.funiber.org\/pt\/#website"},"datePublished":"2015-12-15T14:44:48+00:00","dateModified":"2015-12-15T14:44:48+00:00","description":"Neuroeduca\u00e7\u00e3o enfatiza a import\u00e2ncia das emo\u00e7\u00f5es na aprendizagem e refor\u00e7a a import\u00e2ncia do professor na cria\u00e7\u00e3o de modelos c\u00edvicos para os alunos.","breadcrumb":{"@id":"https:\/\/blogs.funiber.org\/pt\/formacao-professores\/2015\/12\/15\/funiber-neuroeducacao-revela-impacto-emocoes-aprendizagem#breadcrumb"},"inLanguage":"pt-BR","potentialAction":[{"@type":"ReadAction","target":["https:\/\/blogs.funiber.org\/pt\/formacao-professores\/2015\/12\/15\/funiber-neuroeducacao-revela-impacto-emocoes-aprendizagem"]}]},{"@type":"BreadcrumbList","@id":"https:\/\/blogs.funiber.org\/pt\/formacao-professores\/2015\/12\/15\/funiber-neuroeducacao-revela-impacto-emocoes-aprendizagem#breadcrumb","itemListElement":[{"@type":"ListItem","position":1,"name":"In\u00edcio","item":"https:\/\/blogs.funiber.org\/pt"},{"@type":"ListItem","position":2,"name":"Neuroeduca\u00e7\u00e3o revela o impacto das emo\u00e7\u00f5es na aprendizagem"}]},{"@type":"WebSite","@id":"https:\/\/blogs.funiber.org\/pt\/#website","url":"https:\/\/blogs.funiber.org\/pt\/","name":"FuniBlogs - FUNIBER","description":"","publisher":{"@id":"https:\/\/blogs.funiber.org\/pt\/#organization"},"potentialAction":[{"@type":"SearchAction","target":{"@type":"EntryPoint","urlTemplate":"https:\/\/blogs.funiber.org\/pt\/?s={search_term_string}"},"query-input":"required name=search_term_string"}],"inLanguage":"pt-BR"},{"@type":"Organization","@id":"https:\/\/blogs.funiber.org\/pt\/#organization","name":"FuniBlogs - FUNIBER","url":"https:\/\/blogs.funiber.org\/pt\/","logo":{"@type":"ImageObject","inLanguage":"pt-BR","@id":"https:\/\/blogs.funiber.org\/pt\/#\/schema\/logo\/image\/","url":"https:\/\/www.funiber.blog\/pt\/wp-content\/uploads\/2022\/02\/logo-funiber-pt-br-v-dos.svg","contentUrl":"https:\/\/www.funiber.blog\/pt\/wp-content\/uploads\/2022\/02\/logo-funiber-pt-br-v-dos.svg","width":1,"height":1,"caption":"FuniBlogs - FUNIBER"},"image":{"@id":"https:\/\/blogs.funiber.org\/pt\/#\/schema\/logo\/image\/"},"sameAs":["https:\/\/www.facebook.com\/funiber","https:\/\/twitter.com\/FUNIBER","https:\/\/www.instagram.com\/funiber_becas","https:\/\/www.youtube.com\/user\/funiber","https:\/\/www.linkedin.com\/company\/funiber"]},{"@type":"Person","@id":"https:\/\/blogs.funiber.org\/pt\/#\/schema\/person\/cebedd0aef5286687ce641276452c76d","name":"Mariana Dornelles","image":{"@type":"ImageObject","inLanguage":"pt-BR","@id":"https:\/\/blogs.funiber.org\/pt\/#\/schema\/person\/image\/","url":"https:\/\/secure.gravatar.com\/avatar\/2fbaa65ea908e82807b005c351db3c9d?s=96&d=mm&r=g","contentUrl":"https:\/\/secure.gravatar.com\/avatar\/2fbaa65ea908e82807b005c351db3c9d?s=96&d=mm&r=g","caption":"Mariana Dornelles"},"url":"https:\/\/www.funiber.blog\/pt\/author\/mariana-dornelles"}]}},"jetpack_featured_media_url":"https:\/\/www.funiber.blog\/pt\/wp-content\/uploads\/2015\/12\/iStock_000061685888_XXX-pequena.jpg","jetpack_shortlink":"https:\/\/wp.me\/p7ee1t-2hz","jetpack_sharing_enabled":true,"_links":{"self":[{"href":"https:\/\/www.funiber.blog\/pt\/wp-json\/wp\/v2\/posts\/8777"}],"collection":[{"href":"https:\/\/www.funiber.blog\/pt\/wp-json\/wp\/v2\/posts"}],"about":[{"href":"https:\/\/www.funiber.blog\/pt\/wp-json\/wp\/v2\/types\/post"}],"author":[{"embeddable":true,"href":"https:\/\/www.funiber.blog\/pt\/wp-json\/wp\/v2\/users\/16"}],"replies":[{"embeddable":true,"href":"https:\/\/www.funiber.blog\/pt\/wp-json\/wp\/v2\/comments?post=8777"}],"version-history":[{"count":4,"href":"https:\/\/www.funiber.blog\/pt\/wp-json\/wp\/v2\/posts\/8777\/revisions"}],"predecessor-version":[{"id":8782,"href":"https:\/\/www.funiber.blog\/pt\/wp-json\/wp\/v2\/posts\/8777\/revisions\/8782"}],"wp:featuredmedia":[{"embeddable":true,"href":"https:\/\/www.funiber.blog\/pt\/wp-json\/wp\/v2\/media\/8779"}],"wp:attachment":[{"href":"https:\/\/www.funiber.blog\/pt\/wp-json\/wp\/v2\/media?parent=8777"}],"wp:term":[{"taxonomy":"category","embeddable":true,"href":"https:\/\/www.funiber.blog\/pt\/wp-json\/wp\/v2\/categories?post=8777"},{"taxonomy":"post_tag","embeddable":true,"href":"https:\/\/www.funiber.blog\/pt\/wp-json\/wp\/v2\/tags?post=8777"}],"curies":[{"name":"wp","href":"https:\/\/api.w.org\/{rel}","templated":true}]}}