{"id":8783,"date":"2015-12-15T07:46:36","date_gmt":"2015-12-15T07:46:36","guid":{"rendered":"http:\/\/blogs.funiber.org\/pt\/?p=8783"},"modified":"2015-12-18T12:07:18","modified_gmt":"2015-12-18T12:07:18","slug":"funiber-estudo-sobre-promocao-independencia-funcional","status":"publish","type":"post","link":"https:\/\/www.funiber.blog\/pt\/gerontologia\/2015\/12\/15\/funiber-estudo-sobre-promocao-independencia-funcional","title":{"rendered":"Estudo sobre a promo\u00e7\u00e3o da independ\u00eancia funcional"},"content":{"rendered":"<h2>Um breve estudo ressalta os pontos fortes e debilidades do Servi\u00e7o de Ajuda a Domic\u00edlio na Espanha.<\/h2>\n<p>O <strong>Servi\u00e7o de Ajuda a Domic\u00edlio<\/strong> (S.A.D.) \u00e9 um recurso utilizado em todo o territ\u00f3rio espanhol, com a finalidade de promover a autonomia das pessoas da terceira idade em seu entorno habitual. Gra\u00e7as a este servi\u00e7o, as <strong>pessoas idosas podem receber ajuda de uma equipe qualificada e supervisionada.<\/strong><\/p>\n<p><!--more--><\/p>\n<p>Em Granada, o servi\u00e7o \u00e9 oferecido em 8 Centros Municipais de Servi\u00e7os Sociais. Um estudo etnogr\u00e1fico, desenvolvido por Isabel Mar\u00eda Bot\u00eda D\u00edaz, busca identificar ind\u00edcios das vantagens e desvantagens do servi\u00e7o oferecido em Granada \u00e0s pessoas com dificuldades para viver de forma independente.<\/p>\n<p>Para realizar este estudo, participou-se de forma aberta na vida de quatro pessoas, durante tr\u00eas meses de trabalho de campo, realizando uma observa\u00e7\u00e3o nos domic\u00edlios dos pacientes enquanto se recebia o servi\u00e7o do S.A.D. Reconhece-se que a amostra \u00e9 pequena e seriam necess\u00e1rios mais estudos, mas os resultados obtidos proporcionam um ponto de partida para mais pesquisas.<\/p>\n<p>Bot\u00eda reconhece como ponto forte do servi\u00e7o que se consegue atender as necessidades b\u00e1sicas de pessoas que t\u00eam dificuldades para desenvolver suas atividades cotidianas, al\u00e9m de ser \u00fatil para atender situa\u00e7\u00f5es urgentes, <strong>prevenir o internamento de pessoas<\/strong> com ajuda do S.A.D., oferecer apoio aos cuidadores e familiares em trabalhos de cuidado, e ajudar a identificar aux\u00edlios t\u00e9cnicos ou adapta\u00e7\u00f5es para melhorar os cuidados que os auxiliares disponibilizam.<\/p>\n<p>Ao realizar uma an\u00e1lise das debilidades do modelo, Bot\u00eda reconhece que a cobertura do S.A.D \u00e9 escassa e com amplas listas de espera, o tempo dedicado aos pacientes \u00e9 limitado, principalmente nos casos de cuidados intensivos que requerem um servi\u00e7o cont\u00ednuo, e o servi\u00e7o \u00e9 r\u00edgido e n\u00e3o se adapta \u00e0s prefer\u00eancias e hor\u00e1rios dos usu\u00e1rios. Destaca-se que h\u00e1 poucas a\u00e7\u00f5es para potencializar a fun\u00e7\u00e3o preventiva e promover a autonomia pessoal dos usu\u00e1rios, pois se abrangem os cuidados pessoais e a aten\u00e7\u00e3o dom\u00e9stica; mas se faz necess\u00e1rio promover h\u00e1bitos de vida, capacidades, atitudes e habilidades que garantam a vida independente dos pacientes. Al\u00e9m disso, n\u00e3o h\u00e1 uma forma\u00e7\u00e3o especializada para atender \u00e0s pessoas com dem\u00eancia, deteriora\u00e7\u00e3o cognitiva ou Alzheimer; reconhece-se a escassa coordena\u00e7\u00e3o s\u00f3cio-sanit\u00e1ria e desconhecimento das patologias das pessoas usu\u00e1rias por parte dos auxiliares.<\/p>\n<p>A pesquisadora ressalta que, embora a depend\u00eancia suponha a perda da capacidade para realizar as atividades da vida di\u00e1ria (AVD), n\u00e3o implica a perda da capacidade de escolher livremente o que fazer com a pr\u00f3pria vida, enquanto se mantenha uma capacidade mental suficiente. O documento de 20 p\u00e1ginas apresenta uma an\u00e1lise detalhada de atividades dos pacientes: comer, assear-se ou tomar banho, vestir-se, mic\u00e7\u00f5es ou deposi\u00e7\u00f5es, uso do banheiro, locomover-se, subir e descer escadas, capacidade para usar o telefone, fazer compras, prepara\u00e7\u00e3o das comidas, cuidados da casa, lavar as roupas, uso de meios de transporte e desenvolvimento de uma atitude de responsabilidade ao administrar a medica\u00e7\u00e3o.<\/p>\n<p>Ao fazer uma an\u00e1lise das atividades, identificou-se que se realizou uma maior promo\u00e7\u00e3o de independ\u00eancia funcional em atividades de car\u00e1ter pessoal como o banho, asseio ou locomo\u00e7\u00e3o dentro do lar, por\u00e9m promo\u00e7\u00e3o mais limitada de atividades como deposi\u00e7\u00f5es ou mic\u00e7\u00f5es, vestir-se, ir \u00e0s compras, ap\u00f3io \u00e0 medica\u00e7\u00e3o, manejo de dinheiro e atividades dom\u00e9sticas; contudo, n\u00e3o se p\u00f4de comprovar as demais atividades porque n\u00e3o foram prescritas ou contempladas pelo S.A.D.<\/p>\n<p>As habilidades, destrezas ou compet\u00eancias mostradas pelos auxiliares motivaram os usu\u00e1rios a participar do desenvolvimento de atividades, com a inten\u00e7\u00e3o de proporcionar orienta\u00e7\u00e3o para realizar certas a\u00e7\u00f5es de forma segura. \u00c9 essencial que se mantenha uma boa comunica\u00e7\u00e3o e intera\u00e7\u00e3o entre auxiliares e seus usu\u00e1rios.<\/p>\n<p>Identificaram-se dificuldades na promo\u00e7\u00e3o da independ\u00eancia funcional quando os auxiliares desconheciam os problemas de sa\u00fade dos usu\u00e1rios ou quando n\u00e3o havia coordena\u00e7\u00e3o entre os cuidadores habituais e substitutos. Quando se produzia o agravamento da sa\u00fade de um usu\u00e1rio, tamb\u00e9m se reduzia sua capacidade para participar das atividades propostas pelos auxiliares.<\/p>\n<p>A pesquisadora prop\u00f5e que o programa S.A.D. tenha um \u201ccar\u00e1ter mais preventivo, educativo e de reabilita\u00e7\u00e3o, al\u00e9m de assistencial, promovendo a independ\u00eancia funcional e ajudando os usu\u00e1rios a adaptar seus espa\u00e7os para obter maior autonomia. O documento prop\u00f5e que se realize uma \u201cavalia\u00e7\u00e3o geri\u00e1trica integral inicial e um plano de aten\u00e7\u00e3o para a recupera\u00e7\u00e3o de suas capacidades funcionais onde se inclua um seguimento peri\u00f3dico por parte de um terapeuta ocupacional\u201d.<\/p>\n<p>Os estudantes da<strong><a href=\"http:\/\/www.funiber.org.br\/areas-de-conhecimento\/saude-e-nutricao\/gerontologia\/\" target=\"_blank\">\u00a0\u00e1rea de Gerontologia<\/a><\/strong>\u00a0da\u00a0<strong><a href=\"http:\/\/www.funiber.org.br\/\" target=\"_blank\">FUNIBER<\/a><\/strong>\u00a0analisam constantemente estrat\u00e9gias de servi\u00e7os para melhorar a qualidade de vida das pessoas da terceira idade.<\/p>\n<p>Fonte:\u00a0<a href=\"http:\/\/fnbr.es\/1zv\" target=\"_blank\">http:\/\/fnbr.es\/1zv<\/a><\/p>\n<p>Fotografia: Todos os direitos reservados<\/p>\n","protected":false},"excerpt":{"rendered":"<p>Um breve estudo ressalta os pontos fortes e debilidades do Servi\u00e7o de Ajuda a Domic\u00edlio na Espanha. O Servi\u00e7o de Ajuda a Domic\u00edlio (S.A.D.) \u00e9 um recurso utilizado em todo o territ\u00f3rio espanhol, com a finalidade de promover a autonomia das pessoas da terceira idade em seu entorno habitual. Gra\u00e7as a este servi\u00e7o, as pessoas [&hellip;]<\/p>\n","protected":false},"author":16,"featured_media":8785,"comment_status":"closed","ping_status":"closed","sticky":false,"template":"","format":"standard","meta":{"jetpack_post_was_ever_published":false,"_jetpack_newsletter_access":"","_jetpack_newsletter_tier_id":0,"footnotes":"","jetpack_publicize_message":"","jetpack_is_tweetstorm":false,"jetpack_publicize_feature_enabled":true,"jetpack_social_post_already_shared":false,"jetpack_social_options":{"image_generator_settings":{"template":"highway","enabled":false}}},"categories":[1],"tags":[228,285,408,786,248,911,267,961,641,255,963,113,962],"jetpack_publicize_connections":[],"yoast_head":"<!-- This site is optimized with the Yoast SEO plugin v21.7 - https:\/\/yoast.com\/wordpress\/plugins\/seo\/ -->\n<title>Estudo sobre a promo\u00e7\u00e3o da independ\u00eancia funcional<\/title>\n<meta name=\"description\" content=\"Estudo sobre a promo\u00e7\u00e3o da independ\u00eancia funcional ressalta os pontos fortes e debilidades do Servi\u00e7o de Ajuda a Domic\u00edlio na Espanha.\" \/>\n<meta name=\"robots\" content=\"noindex, nofollow\" \/>\n<meta property=\"og:locale\" content=\"pt_BR\" \/>\n<meta property=\"og:type\" content=\"article\" \/>\n<meta property=\"og:title\" content=\"Estudo sobre a promo\u00e7\u00e3o da independ\u00eancia funcional\" \/>\n<meta property=\"og:description\" content=\"Estudo sobre a promo\u00e7\u00e3o da independ\u00eancia funcional ressalta os pontos fortes e debilidades do Servi\u00e7o de Ajuda a Domic\u00edlio na Espanha.\" \/>\n<meta property=\"og:url\" content=\"https:\/\/blogs.funiber.org\/pt\/gerontologia\/2015\/12\/15\/funiber-estudo-sobre-promocao-independencia-funcional\" \/>\n<meta property=\"og:site_name\" content=\"FuniBlogs - FUNIBER\" \/>\n<meta property=\"article:publisher\" content=\"https:\/\/www.facebook.com\/funiber\" \/>\n<meta property=\"article:published_time\" content=\"2015-12-15T07:46:36+00:00\" \/>\n<meta property=\"article:modified_time\" content=\"2015-12-18T12:07:18+00:00\" \/>\n<meta property=\"og:image\" content=\"https:\/\/blogs.funiber.org\/pt\/wp-content\/uploads\/2015\/12\/funiber-gerontologia-independencia-sm.jpg\" \/>\n\t<meta property=\"og:image:width\" content=\"512\" \/>\n\t<meta property=\"og:image:height\" content=\"341\" \/>\n\t<meta property=\"og:image:type\" content=\"image\/jpeg\" \/>\n<meta name=\"author\" content=\"Mariana Dornelles\" \/>\n<meta name=\"twitter:card\" content=\"summary_large_image\" \/>\n<meta name=\"twitter:creator\" content=\"@FUNIBER\" \/>\n<meta name=\"twitter:site\" content=\"@FUNIBER\" \/>\n<meta name=\"twitter:label1\" content=\"Escrito por\" \/>\n\t<meta name=\"twitter:data1\" content=\"Mariana Dornelles\" \/>\n\t<meta name=\"twitter:label2\" content=\"Est. tempo de leitura\" \/>\n\t<meta name=\"twitter:data2\" content=\"4 minutos\" \/>\n<script type=\"application\/ld+json\" class=\"yoast-schema-graph\">{\"@context\":\"https:\/\/schema.org\",\"@graph\":[{\"@type\":\"Article\",\"@id\":\"https:\/\/blogs.funiber.org\/pt\/gerontologia\/2015\/12\/15\/funiber-estudo-sobre-promocao-independencia-funcional#article\",\"isPartOf\":{\"@id\":\"https:\/\/blogs.funiber.org\/pt\/gerontologia\/2015\/12\/15\/funiber-estudo-sobre-promocao-independencia-funcional\"},\"author\":{\"name\":\"Mariana Dornelles\",\"@id\":\"https:\/\/blogs.funiber.org\/pt\/#\/schema\/person\/cebedd0aef5286687ce641276452c76d\"},\"headline\":\"Estudo sobre a promo\u00e7\u00e3o da independ\u00eancia funcional\",\"datePublished\":\"2015-12-15T07:46:36+00:00\",\"dateModified\":\"2015-12-18T12:07:18+00:00\",\"mainEntityOfPage\":{\"@id\":\"https:\/\/blogs.funiber.org\/pt\/gerontologia\/2015\/12\/15\/funiber-estudo-sobre-promocao-independencia-funcional\"},\"wordCount\":863,\"publisher\":{\"@id\":\"https:\/\/blogs.funiber.org\/pt\/#organization\"},\"keywords\":[\"Cuidados\",\"Educa\u00e7\u00e3o\",\"Educa\u00e7\u00e3o a Dist\u00e2ncia\",\"estudo\",\"Funiber\",\"FUNIBER Opini\u00f5es\",\"Idosos\",\"Independ\u00eancia funcional\",\"Opini\u00e3o FUNIBER\",\"Opini\u00f5es Funiber\",\"SAD\",\"Sa\u00fade\",\"Servi\u00e7o de Ajuda a Domic\u00edlio\"],\"articleSection\":[\"Gerontologia\"],\"inLanguage\":\"pt-BR\"},{\"@type\":\"WebPage\",\"@id\":\"https:\/\/blogs.funiber.org\/pt\/gerontologia\/2015\/12\/15\/funiber-estudo-sobre-promocao-independencia-funcional\",\"url\":\"https:\/\/blogs.funiber.org\/pt\/gerontologia\/2015\/12\/15\/funiber-estudo-sobre-promocao-independencia-funcional\",\"name\":\"Estudo sobre a promo\u00e7\u00e3o da independ\u00eancia funcional\",\"isPartOf\":{\"@id\":\"https:\/\/blogs.funiber.org\/pt\/#website\"},\"datePublished\":\"2015-12-15T07:46:36+00:00\",\"dateModified\":\"2015-12-18T12:07:18+00:00\",\"description\":\"Estudo sobre a promo\u00e7\u00e3o da independ\u00eancia funcional ressalta os pontos fortes e debilidades do Servi\u00e7o de Ajuda a Domic\u00edlio na Espanha.\",\"breadcrumb\":{\"@id\":\"https:\/\/blogs.funiber.org\/pt\/gerontologia\/2015\/12\/15\/funiber-estudo-sobre-promocao-independencia-funcional#breadcrumb\"},\"inLanguage\":\"pt-BR\",\"potentialAction\":[{\"@type\":\"ReadAction\",\"target\":[\"https:\/\/blogs.funiber.org\/pt\/gerontologia\/2015\/12\/15\/funiber-estudo-sobre-promocao-independencia-funcional\"]}]},{\"@type\":\"BreadcrumbList\",\"@id\":\"https:\/\/blogs.funiber.org\/pt\/gerontologia\/2015\/12\/15\/funiber-estudo-sobre-promocao-independencia-funcional#breadcrumb\",\"itemListElement\":[{\"@type\":\"ListItem\",\"position\":1,\"name\":\"In\u00edcio\",\"item\":\"https:\/\/blogs.funiber.org\/pt\"},{\"@type\":\"ListItem\",\"position\":2,\"name\":\"Estudo sobre a promo\u00e7\u00e3o da independ\u00eancia funcional\"}]},{\"@type\":\"WebSite\",\"@id\":\"https:\/\/blogs.funiber.org\/pt\/#website\",\"url\":\"https:\/\/blogs.funiber.org\/pt\/\",\"name\":\"FuniBlogs - FUNIBER\",\"description\":\"\",\"publisher\":{\"@id\":\"https:\/\/blogs.funiber.org\/pt\/#organization\"},\"potentialAction\":[{\"@type\":\"SearchAction\",\"target\":{\"@type\":\"EntryPoint\",\"urlTemplate\":\"https:\/\/blogs.funiber.org\/pt\/?s={search_term_string}\"},\"query-input\":\"required name=search_term_string\"}],\"inLanguage\":\"pt-BR\"},{\"@type\":\"Organization\",\"@id\":\"https:\/\/blogs.funiber.org\/pt\/#organization\",\"name\":\"FuniBlogs - FUNIBER\",\"url\":\"https:\/\/blogs.funiber.org\/pt\/\",\"logo\":{\"@type\":\"ImageObject\",\"inLanguage\":\"pt-BR\",\"@id\":\"https:\/\/blogs.funiber.org\/pt\/#\/schema\/logo\/image\/\",\"url\":\"https:\/\/www.funiber.blog\/pt\/wp-content\/uploads\/2022\/02\/logo-funiber-pt-br-v-dos.svg\",\"contentUrl\":\"https:\/\/www.funiber.blog\/pt\/wp-content\/uploads\/2022\/02\/logo-funiber-pt-br-v-dos.svg\",\"width\":1,\"height\":1,\"caption\":\"FuniBlogs - FUNIBER\"},\"image\":{\"@id\":\"https:\/\/blogs.funiber.org\/pt\/#\/schema\/logo\/image\/\"},\"sameAs\":[\"https:\/\/www.facebook.com\/funiber\",\"https:\/\/twitter.com\/FUNIBER\",\"https:\/\/www.instagram.com\/funiber_becas\",\"https:\/\/www.youtube.com\/user\/funiber\",\"https:\/\/www.linkedin.com\/company\/funiber\"]},{\"@type\":\"Person\",\"@id\":\"https:\/\/blogs.funiber.org\/pt\/#\/schema\/person\/cebedd0aef5286687ce641276452c76d\",\"name\":\"Mariana Dornelles\",\"image\":{\"@type\":\"ImageObject\",\"inLanguage\":\"pt-BR\",\"@id\":\"https:\/\/blogs.funiber.org\/pt\/#\/schema\/person\/image\/\",\"url\":\"https:\/\/secure.gravatar.com\/avatar\/2fbaa65ea908e82807b005c351db3c9d?s=96&d=mm&r=g\",\"contentUrl\":\"https:\/\/secure.gravatar.com\/avatar\/2fbaa65ea908e82807b005c351db3c9d?s=96&d=mm&r=g\",\"caption\":\"Mariana Dornelles\"},\"url\":\"https:\/\/www.funiber.blog\/pt\/author\/mariana-dornelles\"}]}<\/script>\n<!-- \/ Yoast SEO plugin. -->","yoast_head_json":{"title":"Estudo sobre a promo\u00e7\u00e3o da independ\u00eancia funcional","description":"Estudo sobre a promo\u00e7\u00e3o da independ\u00eancia funcional ressalta os pontos fortes e debilidades do Servi\u00e7o de Ajuda a Domic\u00edlio na Espanha.","robots":{"index":"noindex","follow":"nofollow"},"og_locale":"pt_BR","og_type":"article","og_title":"Estudo sobre a promo\u00e7\u00e3o da independ\u00eancia funcional","og_description":"Estudo sobre a promo\u00e7\u00e3o da independ\u00eancia funcional ressalta os pontos fortes e debilidades do Servi\u00e7o de Ajuda a Domic\u00edlio na Espanha.","og_url":"https:\/\/blogs.funiber.org\/pt\/gerontologia\/2015\/12\/15\/funiber-estudo-sobre-promocao-independencia-funcional","og_site_name":"FuniBlogs - FUNIBER","article_publisher":"https:\/\/www.facebook.com\/funiber","article_published_time":"2015-12-15T07:46:36+00:00","article_modified_time":"2015-12-18T12:07:18+00:00","og_image":[{"width":512,"height":341,"url":"https:\/\/blogs.funiber.org\/pt\/wp-content\/uploads\/2015\/12\/funiber-gerontologia-independencia-sm.jpg","type":"image\/jpeg"}],"author":"Mariana Dornelles","twitter_card":"summary_large_image","twitter_creator":"@FUNIBER","twitter_site":"@FUNIBER","twitter_misc":{"Escrito por":"Mariana Dornelles","Est. tempo de leitura":"4 minutos"},"schema":{"@context":"https:\/\/schema.org","@graph":[{"@type":"Article","@id":"https:\/\/blogs.funiber.org\/pt\/gerontologia\/2015\/12\/15\/funiber-estudo-sobre-promocao-independencia-funcional#article","isPartOf":{"@id":"https:\/\/blogs.funiber.org\/pt\/gerontologia\/2015\/12\/15\/funiber-estudo-sobre-promocao-independencia-funcional"},"author":{"name":"Mariana Dornelles","@id":"https:\/\/blogs.funiber.org\/pt\/#\/schema\/person\/cebedd0aef5286687ce641276452c76d"},"headline":"Estudo sobre a promo\u00e7\u00e3o da independ\u00eancia funcional","datePublished":"2015-12-15T07:46:36+00:00","dateModified":"2015-12-18T12:07:18+00:00","mainEntityOfPage":{"@id":"https:\/\/blogs.funiber.org\/pt\/gerontologia\/2015\/12\/15\/funiber-estudo-sobre-promocao-independencia-funcional"},"wordCount":863,"publisher":{"@id":"https:\/\/blogs.funiber.org\/pt\/#organization"},"keywords":["Cuidados","Educa\u00e7\u00e3o","Educa\u00e7\u00e3o a Dist\u00e2ncia","estudo","Funiber","FUNIBER Opini\u00f5es","Idosos","Independ\u00eancia funcional","Opini\u00e3o FUNIBER","Opini\u00f5es Funiber","SAD","Sa\u00fade","Servi\u00e7o de Ajuda a Domic\u00edlio"],"articleSection":["Gerontologia"],"inLanguage":"pt-BR"},{"@type":"WebPage","@id":"https:\/\/blogs.funiber.org\/pt\/gerontologia\/2015\/12\/15\/funiber-estudo-sobre-promocao-independencia-funcional","url":"https:\/\/blogs.funiber.org\/pt\/gerontologia\/2015\/12\/15\/funiber-estudo-sobre-promocao-independencia-funcional","name":"Estudo sobre a promo\u00e7\u00e3o da independ\u00eancia funcional","isPartOf":{"@id":"https:\/\/blogs.funiber.org\/pt\/#website"},"datePublished":"2015-12-15T07:46:36+00:00","dateModified":"2015-12-18T12:07:18+00:00","description":"Estudo sobre a promo\u00e7\u00e3o da independ\u00eancia funcional ressalta os pontos fortes e debilidades do Servi\u00e7o de Ajuda a Domic\u00edlio na Espanha.","breadcrumb":{"@id":"https:\/\/blogs.funiber.org\/pt\/gerontologia\/2015\/12\/15\/funiber-estudo-sobre-promocao-independencia-funcional#breadcrumb"},"inLanguage":"pt-BR","potentialAction":[{"@type":"ReadAction","target":["https:\/\/blogs.funiber.org\/pt\/gerontologia\/2015\/12\/15\/funiber-estudo-sobre-promocao-independencia-funcional"]}]},{"@type":"BreadcrumbList","@id":"https:\/\/blogs.funiber.org\/pt\/gerontologia\/2015\/12\/15\/funiber-estudo-sobre-promocao-independencia-funcional#breadcrumb","itemListElement":[{"@type":"ListItem","position":1,"name":"In\u00edcio","item":"https:\/\/blogs.funiber.org\/pt"},{"@type":"ListItem","position":2,"name":"Estudo sobre a promo\u00e7\u00e3o da independ\u00eancia funcional"}]},{"@type":"WebSite","@id":"https:\/\/blogs.funiber.org\/pt\/#website","url":"https:\/\/blogs.funiber.org\/pt\/","name":"FuniBlogs - FUNIBER","description":"","publisher":{"@id":"https:\/\/blogs.funiber.org\/pt\/#organization"},"potentialAction":[{"@type":"SearchAction","target":{"@type":"EntryPoint","urlTemplate":"https:\/\/blogs.funiber.org\/pt\/?s={search_term_string}"},"query-input":"required name=search_term_string"}],"inLanguage":"pt-BR"},{"@type":"Organization","@id":"https:\/\/blogs.funiber.org\/pt\/#organization","name":"FuniBlogs - FUNIBER","url":"https:\/\/blogs.funiber.org\/pt\/","logo":{"@type":"ImageObject","inLanguage":"pt-BR","@id":"https:\/\/blogs.funiber.org\/pt\/#\/schema\/logo\/image\/","url":"https:\/\/www.funiber.blog\/pt\/wp-content\/uploads\/2022\/02\/logo-funiber-pt-br-v-dos.svg","contentUrl":"https:\/\/www.funiber.blog\/pt\/wp-content\/uploads\/2022\/02\/logo-funiber-pt-br-v-dos.svg","width":1,"height":1,"caption":"FuniBlogs - FUNIBER"},"image":{"@id":"https:\/\/blogs.funiber.org\/pt\/#\/schema\/logo\/image\/"},"sameAs":["https:\/\/www.facebook.com\/funiber","https:\/\/twitter.com\/FUNIBER","https:\/\/www.instagram.com\/funiber_becas","https:\/\/www.youtube.com\/user\/funiber","https:\/\/www.linkedin.com\/company\/funiber"]},{"@type":"Person","@id":"https:\/\/blogs.funiber.org\/pt\/#\/schema\/person\/cebedd0aef5286687ce641276452c76d","name":"Mariana Dornelles","image":{"@type":"ImageObject","inLanguage":"pt-BR","@id":"https:\/\/blogs.funiber.org\/pt\/#\/schema\/person\/image\/","url":"https:\/\/secure.gravatar.com\/avatar\/2fbaa65ea908e82807b005c351db3c9d?s=96&d=mm&r=g","contentUrl":"https:\/\/secure.gravatar.com\/avatar\/2fbaa65ea908e82807b005c351db3c9d?s=96&d=mm&r=g","caption":"Mariana Dornelles"},"url":"https:\/\/www.funiber.blog\/pt\/author\/mariana-dornelles"}]}},"jetpack_featured_media_url":"https:\/\/www.funiber.blog\/pt\/wp-content\/uploads\/2015\/12\/funiber-gerontologia-independencia-sm.jpg","jetpack_shortlink":"https:\/\/wp.me\/p7ee1t-2hF","jetpack_sharing_enabled":true,"_links":{"self":[{"href":"https:\/\/www.funiber.blog\/pt\/wp-json\/wp\/v2\/posts\/8783"}],"collection":[{"href":"https:\/\/www.funiber.blog\/pt\/wp-json\/wp\/v2\/posts"}],"about":[{"href":"https:\/\/www.funiber.blog\/pt\/wp-json\/wp\/v2\/types\/post"}],"author":[{"embeddable":true,"href":"https:\/\/www.funiber.blog\/pt\/wp-json\/wp\/v2\/users\/16"}],"replies":[{"embeddable":true,"href":"https:\/\/www.funiber.blog\/pt\/wp-json\/wp\/v2\/comments?post=8783"}],"version-history":[{"count":2,"href":"https:\/\/www.funiber.blog\/pt\/wp-json\/wp\/v2\/posts\/8783\/revisions"}],"predecessor-version":[{"id":8786,"href":"https:\/\/www.funiber.blog\/pt\/wp-json\/wp\/v2\/posts\/8783\/revisions\/8786"}],"wp:featuredmedia":[{"embeddable":true,"href":"https:\/\/www.funiber.blog\/pt\/wp-json\/wp\/v2\/media\/8785"}],"wp:attachment":[{"href":"https:\/\/www.funiber.blog\/pt\/wp-json\/wp\/v2\/media?parent=8783"}],"wp:term":[{"taxonomy":"category","embeddable":true,"href":"https:\/\/www.funiber.blog\/pt\/wp-json\/wp\/v2\/categories?post=8783"},{"taxonomy":"post_tag","embeddable":true,"href":"https:\/\/www.funiber.blog\/pt\/wp-json\/wp\/v2\/tags?post=8783"}],"curies":[{"name":"wp","href":"https:\/\/api.w.org\/{rel}","templated":true}]}}