{"id":8812,"date":"2015-12-17T10:56:53","date_gmt":"2015-12-17T10:56:53","guid":{"rendered":"http:\/\/blogs.funiber.org\/pt\/?p=8812"},"modified":"2015-12-17T10:58:58","modified_gmt":"2015-12-17T10:58:58","slug":"funiber-coeducacao-nas-escolas","status":"publish","type":"post","link":"https:\/\/www.funiber.blog\/pt\/formacao-professores\/2015\/12\/17\/funiber-coeducacao-nas-escolas","title":{"rendered":"Coeduca\u00e7\u00e3o nas escolas"},"content":{"rendered":"<h2>Educar em igualdade exige transforma\u00e7\u00f5es de professores e do ambiente escolar.<\/h2>\n<p>Camisetas azuis e lacinhos rosas; bolas de futebol e princesas. Muitas vezes diferen\u00e7as como estas, entre meninos e meninas, s\u00e3o o resultado de uma s\u00e9rie de valores e modelos transmitidos pelos diversos atores e institui\u00e7\u00f5es que atuam no desenvolvimento da inf\u00e2ncia.<\/p>\n<p><!--more--><\/p>\n<p>Para romper esta polariza\u00e7\u00e3o e transformar as habituais rela\u00e7\u00f5es de g\u00eanero, uma corrente chamada <strong>coeduca\u00e7\u00e3o<\/strong> est\u00e1 ganhando cada vez mais espa\u00e7o no ambiente escolar. Trata-se de <strong>uma proposta pedag\u00f3gica na qual a forma\u00e7\u00e3o e a educa\u00e7\u00e3o s\u00e3o realizadas em condi\u00e7\u00f5es de igualdade para ambos os sexos, sem limites de aprendizagem impostos a nenhum deles<\/strong>.<\/p>\n<p>Para Marina Subirats, ex-diretora do Instituto da Mulher do Minist\u00e9rio de Assuntos Sociais, existe uma certa <strong>invisibilidade da mulher nas refer\u00eancias escolares.<\/strong> Apenas 9% do conte\u00fado dos livros referem-se a elas e, nas hist\u00f3rias infantis, ocupam quase sempre um papel de \u201cm\u00e3es, av\u00f3s e meninas encantadas que esperam um pr\u00edncipe para descobrir a vida. E, se alguma sai desse papel e tem um pouco de poder, s\u00f3 pode ser uma bruxa\u201d, diz.<\/p>\n<p>Por outro lado, <strong>o modelo masculino presente na educa\u00e7\u00e3o das crian\u00e7as tamb\u00e9m pouco mudou nos \u00faltimos anos,<\/strong> em descompasso com as \u00faltimas transforma\u00e7\u00f5es sociais. \u201cBasicamente, seguimos transmitindo o ideal do guerreiro, a emo\u00e7\u00e3o da luta, de se impor, de competir e ganhar. Junto, \u00e9 claro, com a rejei\u00e7\u00e3o \u00e0 empatia, \u00e0 compaix\u00e3o, ao cuidado e a ajuda aos demais, entendidas como atitudes femininas e desonradoras\u201d, explica.<\/p>\n<p>Para ela, estes valores est\u00e3o relacionados a um <strong>modelo antigo do g\u00eanero masculino<\/strong> que pode chegar a se relacionar com algum tipo de viol\u00eancia, inclusive a de g\u00eanero, e argumenta que a <strong>coeduca\u00e7\u00e3o poderia ser o melhor instrumento para preveni-la<\/strong>.<\/p>\n<p>No entanto, transformar h\u00e1bitos e refer\u00eancias n\u00e3o \u00e9 um processo f\u00e1cil, j\u00e1 que exige a mudan\u00e7a de elementos na forma\u00e7\u00e3o inicial dos professores, nos livros escolares e na cultura que transmitem. E, nesta transforma\u00e7\u00e3o, <strong>a conscientiza\u00e7\u00e3o do professor sobre os seus atos \u00e9 fundamental: ele deve aprender a reconhecer tudo aquilo que faz sem ser consciente e que contribui para perpetuar modelos de g\u00eaneros antigos e prejudiciais<\/strong>.<\/p>\n<p>Para que haja uma nova perspectiva de g\u00eanero para as pr\u00f3ximas gera\u00e7\u00f5es, Marina defende a <strong>incorpora\u00e7\u00e3o da coeduca\u00e7\u00e3o na escola e a elabora\u00e7\u00e3o de um plano de a\u00e7\u00e3o<\/strong>, liderado pelas correspondentes autoridades educativas, que trabalhe a partir de <strong>crit\u00e9rios homog\u00eaneos, incluindo a forma\u00e7\u00e3o dos professores e a aplica\u00e7\u00e3o de instrumentos adequados.<\/strong><\/p>\n<p>Marina acrescenta, ainda, que os professores e a escola n\u00e3o devem ser os \u00fanicos a trabalhar para melhorar as rela\u00e7\u00f5es de g\u00eanero; \u00e9 preciso que os outros atores que interv\u00eam na inf\u00e2ncia \u2013 como as fam\u00edlias, os fabricantes de brinquedos ou os meios de comunica\u00e7\u00e3o \u2013 compreendam o seu papel na forma\u00e7\u00e3o das futuras gera\u00e7\u00f5es.<\/p>\n<p>Neste contexto, educar em igualdade \u00e9, sem d\u00favidas, um desafio para os docentes, que precisam estar preparados para esta transforma\u00e7\u00e3o. Por isso, a <strong><a href=\"http:\/\/www.funiber.org.br\/\" target=\"_blank\">FUNIBER<\/a> <\/strong>estimula os seus alunos da <strong><a href=\"http:\/\/www.funiber.org.br\/areas-de-conhecimento\/formacao-de-professores\/\" target=\"_blank\">\u00c1rea de Forma\u00e7\u00e3o de Professores<\/a><\/strong> a desenvolverem processos de avalia\u00e7\u00e3o de suas a\u00e7\u00f5es para promover, de forma crescente, a igualdade entre os g\u00eaneros em sala de aula.<\/p>\n<p>Fonte: <a href=\"http:\/\/fnbr.es\/20f\" target=\"_blank\">http:\/\/fnbr.es\/20f<\/a>, livro\u00a0<a href=\"http:\/\/diarieducacio.cat\/publicacions\/educacions-40-veus-sobre-educacio-societat\/\" target=\"_blank\">Educacions. 40 veus sobre educaci\u00f3 i societat<\/a><\/p>\n<p>Foto: Todos os direitos reservados iStock<\/p>\n","protected":false},"excerpt":{"rendered":"<p>Educar em igualdade exige transforma\u00e7\u00f5es de professores e do ambiente escolar. Camisetas azuis e lacinhos rosas; bolas de futebol e princesas. Muitas vezes diferen\u00e7as como estas, entre meninos e meninas, s\u00e3o o resultado de uma s\u00e9rie de valores e modelos transmitidos pelos diversos atores e institui\u00e7\u00f5es que atuam no desenvolvimento da inf\u00e2ncia.<\/p>\n","protected":false},"author":16,"featured_media":8814,"comment_status":"closed","ping_status":"closed","sticky":false,"template":"","format":"standard","meta":{"jetpack_post_was_ever_published":false,"_jetpack_newsletter_access":"","_jetpack_newsletter_tier_id":0,"footnotes":"","jetpack_publicize_message":"","jetpack_is_tweetstorm":false,"jetpack_publicize_feature_enabled":true,"jetpack_social_post_already_shared":false,"jetpack_social_options":{"image_generator_settings":{"template":"highway","enabled":false}}},"categories":[5],"tags":[968,285,408,686,248,911,641,255,642],"jetpack_publicize_connections":[],"yoast_head":"<!-- This site is optimized with the Yoast SEO plugin v21.7 - https:\/\/yoast.com\/wordpress\/plugins\/seo\/ -->\n<title>Coeduca\u00e7\u00e3o nas escolas<\/title>\n<meta name=\"description\" content=\"Coeduca\u00e7\u00e3o trata-se de educar em igualdade e exige transforma\u00e7\u00f5es de professores e do ambiente escolar.\" \/>\n<meta name=\"robots\" content=\"index, follow, max-snippet:-1, max-image-preview:large, max-video-preview:-1\" \/>\n<link rel=\"canonical\" href=\"https:\/\/blogs.funiber.org\/pt\/formacao-professores\/2015\/12\/17\/funiber-coeducacao-nas-escolas\" \/>\n<meta property=\"og:locale\" content=\"pt_BR\" \/>\n<meta property=\"og:type\" content=\"article\" \/>\n<meta property=\"og:title\" content=\"Coeduca\u00e7\u00e3o nas escolas\" \/>\n<meta property=\"og:description\" content=\"Coeduca\u00e7\u00e3o trata-se de educar em igualdade e exige transforma\u00e7\u00f5es de professores e do ambiente escolar.\" \/>\n<meta property=\"og:url\" content=\"https:\/\/blogs.funiber.org\/pt\/formacao-professores\/2015\/12\/17\/funiber-coeducacao-nas-escolas\" \/>\n<meta property=\"og:site_name\" content=\"FuniBlogs - FUNIBER\" \/>\n<meta property=\"article:publisher\" content=\"https:\/\/www.facebook.com\/funiber\" \/>\n<meta property=\"article:published_time\" content=\"2015-12-17T10:56:53+00:00\" \/>\n<meta property=\"article:modified_time\" content=\"2015-12-17T10:58:58+00:00\" \/>\n<meta property=\"og:image\" content=\"https:\/\/blogs.funiber.org\/pt\/wp-content\/uploads\/2015\/12\/iStock_000075895713_XXX-pequena.jpg\" \/>\n\t<meta property=\"og:image:width\" content=\"640\" \/>\n\t<meta property=\"og:image:height\" content=\"427\" \/>\n\t<meta property=\"og:image:type\" content=\"image\/jpeg\" \/>\n<meta name=\"author\" content=\"Mariana Dornelles\" \/>\n<meta name=\"twitter:card\" content=\"summary_large_image\" \/>\n<meta name=\"twitter:creator\" content=\"@FUNIBER\" \/>\n<meta name=\"twitter:site\" content=\"@FUNIBER\" \/>\n<meta name=\"twitter:label1\" content=\"Escrito por\" \/>\n\t<meta name=\"twitter:data1\" content=\"Mariana Dornelles\" \/>\n\t<meta name=\"twitter:label2\" content=\"Est. tempo de leitura\" \/>\n\t<meta name=\"twitter:data2\" content=\"3 minutos\" \/>\n<script type=\"application\/ld+json\" class=\"yoast-schema-graph\">{\"@context\":\"https:\/\/schema.org\",\"@graph\":[{\"@type\":\"Article\",\"@id\":\"https:\/\/blogs.funiber.org\/pt\/formacao-professores\/2015\/12\/17\/funiber-coeducacao-nas-escolas#article\",\"isPartOf\":{\"@id\":\"https:\/\/blogs.funiber.org\/pt\/formacao-professores\/2015\/12\/17\/funiber-coeducacao-nas-escolas\"},\"author\":{\"name\":\"Mariana Dornelles\",\"@id\":\"https:\/\/blogs.funiber.org\/pt\/#\/schema\/person\/cebedd0aef5286687ce641276452c76d\"},\"headline\":\"Coeduca\u00e7\u00e3o nas escolas\",\"datePublished\":\"2015-12-17T10:56:53+00:00\",\"dateModified\":\"2015-12-17T10:58:58+00:00\",\"mainEntityOfPage\":{\"@id\":\"https:\/\/blogs.funiber.org\/pt\/formacao-professores\/2015\/12\/17\/funiber-coeducacao-nas-escolas\"},\"wordCount\":595,\"publisher\":{\"@id\":\"https:\/\/blogs.funiber.org\/pt\/#organization\"},\"keywords\":[\"Coeduca\u00e7\u00e3o\",\"Educa\u00e7\u00e3o\",\"Educa\u00e7\u00e3o a Dist\u00e2ncia\",\"Forma\u00e7\u00e3o de Professores\",\"Funiber\",\"FUNIBER Opini\u00f5es\",\"Opini\u00e3o FUNIBER\",\"Opini\u00f5es Funiber\",\"Professores\"],\"articleSection\":[\"Educa\u00e7\u00e3o,\u00a0Forma\u00e7\u00e3o Professores\"],\"inLanguage\":\"pt-BR\"},{\"@type\":\"WebPage\",\"@id\":\"https:\/\/blogs.funiber.org\/pt\/formacao-professores\/2015\/12\/17\/funiber-coeducacao-nas-escolas\",\"url\":\"https:\/\/blogs.funiber.org\/pt\/formacao-professores\/2015\/12\/17\/funiber-coeducacao-nas-escolas\",\"name\":\"Coeduca\u00e7\u00e3o nas escolas\",\"isPartOf\":{\"@id\":\"https:\/\/blogs.funiber.org\/pt\/#website\"},\"datePublished\":\"2015-12-17T10:56:53+00:00\",\"dateModified\":\"2015-12-17T10:58:58+00:00\",\"description\":\"Coeduca\u00e7\u00e3o trata-se de educar em igualdade e exige transforma\u00e7\u00f5es de professores e do ambiente escolar.\",\"breadcrumb\":{\"@id\":\"https:\/\/blogs.funiber.org\/pt\/formacao-professores\/2015\/12\/17\/funiber-coeducacao-nas-escolas#breadcrumb\"},\"inLanguage\":\"pt-BR\",\"potentialAction\":[{\"@type\":\"ReadAction\",\"target\":[\"https:\/\/blogs.funiber.org\/pt\/formacao-professores\/2015\/12\/17\/funiber-coeducacao-nas-escolas\"]}]},{\"@type\":\"BreadcrumbList\",\"@id\":\"https:\/\/blogs.funiber.org\/pt\/formacao-professores\/2015\/12\/17\/funiber-coeducacao-nas-escolas#breadcrumb\",\"itemListElement\":[{\"@type\":\"ListItem\",\"position\":1,\"name\":\"In\u00edcio\",\"item\":\"https:\/\/blogs.funiber.org\/pt\"},{\"@type\":\"ListItem\",\"position\":2,\"name\":\"Coeduca\u00e7\u00e3o nas escolas\"}]},{\"@type\":\"WebSite\",\"@id\":\"https:\/\/blogs.funiber.org\/pt\/#website\",\"url\":\"https:\/\/blogs.funiber.org\/pt\/\",\"name\":\"FuniBlogs - FUNIBER\",\"description\":\"\",\"publisher\":{\"@id\":\"https:\/\/blogs.funiber.org\/pt\/#organization\"},\"potentialAction\":[{\"@type\":\"SearchAction\",\"target\":{\"@type\":\"EntryPoint\",\"urlTemplate\":\"https:\/\/blogs.funiber.org\/pt\/?s={search_term_string}\"},\"query-input\":\"required name=search_term_string\"}],\"inLanguage\":\"pt-BR\"},{\"@type\":\"Organization\",\"@id\":\"https:\/\/blogs.funiber.org\/pt\/#organization\",\"name\":\"FuniBlogs - FUNIBER\",\"url\":\"https:\/\/blogs.funiber.org\/pt\/\",\"logo\":{\"@type\":\"ImageObject\",\"inLanguage\":\"pt-BR\",\"@id\":\"https:\/\/blogs.funiber.org\/pt\/#\/schema\/logo\/image\/\",\"url\":\"https:\/\/www.funiber.blog\/pt\/wp-content\/uploads\/2022\/02\/logo-funiber-pt-br-v-dos.svg\",\"contentUrl\":\"https:\/\/www.funiber.blog\/pt\/wp-content\/uploads\/2022\/02\/logo-funiber-pt-br-v-dos.svg\",\"width\":1,\"height\":1,\"caption\":\"FuniBlogs - FUNIBER\"},\"image\":{\"@id\":\"https:\/\/blogs.funiber.org\/pt\/#\/schema\/logo\/image\/\"},\"sameAs\":[\"https:\/\/www.facebook.com\/funiber\",\"https:\/\/twitter.com\/FUNIBER\",\"https:\/\/www.instagram.com\/funiber_becas\",\"https:\/\/www.youtube.com\/user\/funiber\",\"https:\/\/www.linkedin.com\/company\/funiber\"]},{\"@type\":\"Person\",\"@id\":\"https:\/\/blogs.funiber.org\/pt\/#\/schema\/person\/cebedd0aef5286687ce641276452c76d\",\"name\":\"Mariana Dornelles\",\"image\":{\"@type\":\"ImageObject\",\"inLanguage\":\"pt-BR\",\"@id\":\"https:\/\/blogs.funiber.org\/pt\/#\/schema\/person\/image\/\",\"url\":\"https:\/\/secure.gravatar.com\/avatar\/2fbaa65ea908e82807b005c351db3c9d?s=96&d=mm&r=g\",\"contentUrl\":\"https:\/\/secure.gravatar.com\/avatar\/2fbaa65ea908e82807b005c351db3c9d?s=96&d=mm&r=g\",\"caption\":\"Mariana Dornelles\"},\"url\":\"https:\/\/www.funiber.blog\/pt\/author\/mariana-dornelles\"}]}<\/script>\n<!-- \/ Yoast SEO plugin. -->","yoast_head_json":{"title":"Coeduca\u00e7\u00e3o nas escolas","description":"Coeduca\u00e7\u00e3o trata-se de educar em igualdade e exige transforma\u00e7\u00f5es de professores e do ambiente escolar.","robots":{"index":"index","follow":"follow","max-snippet":"max-snippet:-1","max-image-preview":"max-image-preview:large","max-video-preview":"max-video-preview:-1"},"canonical":"https:\/\/blogs.funiber.org\/pt\/formacao-professores\/2015\/12\/17\/funiber-coeducacao-nas-escolas","og_locale":"pt_BR","og_type":"article","og_title":"Coeduca\u00e7\u00e3o nas escolas","og_description":"Coeduca\u00e7\u00e3o trata-se de educar em igualdade e exige transforma\u00e7\u00f5es de professores e do ambiente escolar.","og_url":"https:\/\/blogs.funiber.org\/pt\/formacao-professores\/2015\/12\/17\/funiber-coeducacao-nas-escolas","og_site_name":"FuniBlogs - FUNIBER","article_publisher":"https:\/\/www.facebook.com\/funiber","article_published_time":"2015-12-17T10:56:53+00:00","article_modified_time":"2015-12-17T10:58:58+00:00","og_image":[{"width":640,"height":427,"url":"https:\/\/blogs.funiber.org\/pt\/wp-content\/uploads\/2015\/12\/iStock_000075895713_XXX-pequena.jpg","type":"image\/jpeg"}],"author":"Mariana Dornelles","twitter_card":"summary_large_image","twitter_creator":"@FUNIBER","twitter_site":"@FUNIBER","twitter_misc":{"Escrito por":"Mariana Dornelles","Est. tempo de leitura":"3 minutos"},"schema":{"@context":"https:\/\/schema.org","@graph":[{"@type":"Article","@id":"https:\/\/blogs.funiber.org\/pt\/formacao-professores\/2015\/12\/17\/funiber-coeducacao-nas-escolas#article","isPartOf":{"@id":"https:\/\/blogs.funiber.org\/pt\/formacao-professores\/2015\/12\/17\/funiber-coeducacao-nas-escolas"},"author":{"name":"Mariana Dornelles","@id":"https:\/\/blogs.funiber.org\/pt\/#\/schema\/person\/cebedd0aef5286687ce641276452c76d"},"headline":"Coeduca\u00e7\u00e3o nas escolas","datePublished":"2015-12-17T10:56:53+00:00","dateModified":"2015-12-17T10:58:58+00:00","mainEntityOfPage":{"@id":"https:\/\/blogs.funiber.org\/pt\/formacao-professores\/2015\/12\/17\/funiber-coeducacao-nas-escolas"},"wordCount":595,"publisher":{"@id":"https:\/\/blogs.funiber.org\/pt\/#organization"},"keywords":["Coeduca\u00e7\u00e3o","Educa\u00e7\u00e3o","Educa\u00e7\u00e3o a Dist\u00e2ncia","Forma\u00e7\u00e3o de Professores","Funiber","FUNIBER Opini\u00f5es","Opini\u00e3o FUNIBER","Opini\u00f5es Funiber","Professores"],"articleSection":["Educa\u00e7\u00e3o,\u00a0Forma\u00e7\u00e3o Professores"],"inLanguage":"pt-BR"},{"@type":"WebPage","@id":"https:\/\/blogs.funiber.org\/pt\/formacao-professores\/2015\/12\/17\/funiber-coeducacao-nas-escolas","url":"https:\/\/blogs.funiber.org\/pt\/formacao-professores\/2015\/12\/17\/funiber-coeducacao-nas-escolas","name":"Coeduca\u00e7\u00e3o nas escolas","isPartOf":{"@id":"https:\/\/blogs.funiber.org\/pt\/#website"},"datePublished":"2015-12-17T10:56:53+00:00","dateModified":"2015-12-17T10:58:58+00:00","description":"Coeduca\u00e7\u00e3o trata-se de educar em igualdade e exige transforma\u00e7\u00f5es de professores e do ambiente escolar.","breadcrumb":{"@id":"https:\/\/blogs.funiber.org\/pt\/formacao-professores\/2015\/12\/17\/funiber-coeducacao-nas-escolas#breadcrumb"},"inLanguage":"pt-BR","potentialAction":[{"@type":"ReadAction","target":["https:\/\/blogs.funiber.org\/pt\/formacao-professores\/2015\/12\/17\/funiber-coeducacao-nas-escolas"]}]},{"@type":"BreadcrumbList","@id":"https:\/\/blogs.funiber.org\/pt\/formacao-professores\/2015\/12\/17\/funiber-coeducacao-nas-escolas#breadcrumb","itemListElement":[{"@type":"ListItem","position":1,"name":"In\u00edcio","item":"https:\/\/blogs.funiber.org\/pt"},{"@type":"ListItem","position":2,"name":"Coeduca\u00e7\u00e3o nas escolas"}]},{"@type":"WebSite","@id":"https:\/\/blogs.funiber.org\/pt\/#website","url":"https:\/\/blogs.funiber.org\/pt\/","name":"FuniBlogs - FUNIBER","description":"","publisher":{"@id":"https:\/\/blogs.funiber.org\/pt\/#organization"},"potentialAction":[{"@type":"SearchAction","target":{"@type":"EntryPoint","urlTemplate":"https:\/\/blogs.funiber.org\/pt\/?s={search_term_string}"},"query-input":"required name=search_term_string"}],"inLanguage":"pt-BR"},{"@type":"Organization","@id":"https:\/\/blogs.funiber.org\/pt\/#organization","name":"FuniBlogs - FUNIBER","url":"https:\/\/blogs.funiber.org\/pt\/","logo":{"@type":"ImageObject","inLanguage":"pt-BR","@id":"https:\/\/blogs.funiber.org\/pt\/#\/schema\/logo\/image\/","url":"https:\/\/www.funiber.blog\/pt\/wp-content\/uploads\/2022\/02\/logo-funiber-pt-br-v-dos.svg","contentUrl":"https:\/\/www.funiber.blog\/pt\/wp-content\/uploads\/2022\/02\/logo-funiber-pt-br-v-dos.svg","width":1,"height":1,"caption":"FuniBlogs - FUNIBER"},"image":{"@id":"https:\/\/blogs.funiber.org\/pt\/#\/schema\/logo\/image\/"},"sameAs":["https:\/\/www.facebook.com\/funiber","https:\/\/twitter.com\/FUNIBER","https:\/\/www.instagram.com\/funiber_becas","https:\/\/www.youtube.com\/user\/funiber","https:\/\/www.linkedin.com\/company\/funiber"]},{"@type":"Person","@id":"https:\/\/blogs.funiber.org\/pt\/#\/schema\/person\/cebedd0aef5286687ce641276452c76d","name":"Mariana Dornelles","image":{"@type":"ImageObject","inLanguage":"pt-BR","@id":"https:\/\/blogs.funiber.org\/pt\/#\/schema\/person\/image\/","url":"https:\/\/secure.gravatar.com\/avatar\/2fbaa65ea908e82807b005c351db3c9d?s=96&d=mm&r=g","contentUrl":"https:\/\/secure.gravatar.com\/avatar\/2fbaa65ea908e82807b005c351db3c9d?s=96&d=mm&r=g","caption":"Mariana Dornelles"},"url":"https:\/\/www.funiber.blog\/pt\/author\/mariana-dornelles"}]}},"jetpack_featured_media_url":"https:\/\/www.funiber.blog\/pt\/wp-content\/uploads\/2015\/12\/iStock_000075895713_XXX-pequena.jpg","jetpack_shortlink":"https:\/\/wp.me\/p7ee1t-2i8","jetpack_sharing_enabled":true,"_links":{"self":[{"href":"https:\/\/www.funiber.blog\/pt\/wp-json\/wp\/v2\/posts\/8812"}],"collection":[{"href":"https:\/\/www.funiber.blog\/pt\/wp-json\/wp\/v2\/posts"}],"about":[{"href":"https:\/\/www.funiber.blog\/pt\/wp-json\/wp\/v2\/types\/post"}],"author":[{"embeddable":true,"href":"https:\/\/www.funiber.blog\/pt\/wp-json\/wp\/v2\/users\/16"}],"replies":[{"embeddable":true,"href":"https:\/\/www.funiber.blog\/pt\/wp-json\/wp\/v2\/comments?post=8812"}],"version-history":[{"count":4,"href":"https:\/\/www.funiber.blog\/pt\/wp-json\/wp\/v2\/posts\/8812\/revisions"}],"predecessor-version":[{"id":8817,"href":"https:\/\/www.funiber.blog\/pt\/wp-json\/wp\/v2\/posts\/8812\/revisions\/8817"}],"wp:featuredmedia":[{"embeddable":true,"href":"https:\/\/www.funiber.blog\/pt\/wp-json\/wp\/v2\/media\/8814"}],"wp:attachment":[{"href":"https:\/\/www.funiber.blog\/pt\/wp-json\/wp\/v2\/media?parent=8812"}],"wp:term":[{"taxonomy":"category","embeddable":true,"href":"https:\/\/www.funiber.blog\/pt\/wp-json\/wp\/v2\/categories?post=8812"},{"taxonomy":"post_tag","embeddable":true,"href":"https:\/\/www.funiber.blog\/pt\/wp-json\/wp\/v2\/tags?post=8812"}],"curies":[{"name":"wp","href":"https:\/\/api.w.org\/{rel}","templated":true}]}}