{"id":8857,"date":"2015-12-22T12:35:10","date_gmt":"2015-12-22T12:35:10","guid":{"rendered":"http:\/\/blogs.funiber.org\/pt\/?p=8857"},"modified":"2015-12-22T12:35:10","modified_gmt":"2015-12-22T12:35:10","slug":"funiber-tecnologia-educacao-debate","status":"publish","type":"post","link":"https:\/\/www.funiber.blog\/pt\/formacao-professores\/2015\/12\/22\/funiber-tecnologia-educacao-debate","title":{"rendered":"Tecnologia e Educa\u00e7\u00e3o em debate"},"content":{"rendered":"<h2>Congresso internacional realizado em Val\u00eancia abordar\u00e1 diferentes temas no \u00e2mbito da rela\u00e7\u00e3o entre educa\u00e7\u00e3o e tecnologia.<\/h2>\n<p>Entre os dias 7 e 9 de mar\u00e7o de 2016 ser\u00e1 realizado em Val\u00eancia o <a href=\"https:\/\/iated.org\/inted2016_website\/\" target=\"_blank\">X Congresso Internacional de Tecnologia, Educa\u00e7\u00e3o e Desenvolvimento (INTED)<\/a>, dirigido a professores, pesquisadores e profissionais do setor tecnol\u00f3gico e educativo.<\/p>\n<p><!--more--><\/p>\n<p>Trata-se de uma iniciativa da <em><a href=\"https:\/\/iated.org\/about\" target=\"_blank\">International Academy of Technology, Education and Development<\/a><\/em>, um organismo dedicado \u00e0 promo\u00e7\u00e3o da coopera\u00e7\u00e3o internacional educativa e universit\u00e1ria no \u00e2mbito da tecnologia e da ci\u00eancia.<\/p>\n<p>Ao longo de seus 10 anos de exist\u00eancia, o Congresso j\u00e1 se consolidou como um <strong>evento de refer\u00eancia para o interc\u00e2mbio internacional entre diferentes projetos na \u00e1rea de educa\u00e7\u00e3o e tecnologia<\/strong> e a pr\u00f3xima edi\u00e7\u00e3o pretende ser uma das mais importantes do continente europeu.<\/p>\n<p><strong>INTED 2016<\/strong><\/p>\n<p>Na edi\u00e7\u00e3o de 2016, o INTED contar\u00e1 com a participa\u00e7\u00e3o de mais de 700 especialistas de 80 pa\u00edses, que ter\u00e3o a oportunidade de <strong>apresentar seus projetos e compartir seus conhecimentos sobre metodologias de ensino e aprendizagem, inova\u00e7\u00f5es educativas e experi\u00eancias em tecnologia e desenvolvimento.<\/strong><\/p>\n<p>Como palestrantes principais estar\u00e3o <a href=\"http:\/\/novemberlearning.com\/educational-services\/educational-consultants\/alan-november\/\" target=\"_blank\">Alan November<\/a>, especialista em tecnologia na educa\u00e7\u00e3o e l\u00edder do projeto <a href=\"http:\/\/novemberlearning.com\/\" target=\"_blank\">November Learning<\/a>, e <a href=\"https:\/\/in.linkedin.com\/in\/safeenahusain\" target=\"_blank\">Safeena Husain<\/a>, fundadora do programa <a href=\"http:\/\/www.educategirls.in\/\" target=\"_blank\">Educate Girls<\/a>.<\/p>\n<p>A <strong>programa\u00e7\u00e3o<\/strong> contar\u00e1 com atividades relacionadas a <strong>mais de 70 temas<\/strong>, entre os quais se destacam: experi\u00eancias educativas, tend\u00eancias da educa\u00e7\u00e3o superior, universidades virtuais, pesquisas na \u00e1rea de educa\u00e7\u00e3o e de tecnologia em educa\u00e7\u00e3o, v\u00ednculos entre educa\u00e7\u00e3o e pesquisa, metodologias, trabalho cooperativo, software educativos, curr\u00edculos escolares, qualidade em educa\u00e7\u00e3o e gest\u00e3o educativa. Ao final do Congresso, os trabalhos dos participantes ser\u00e3o publicados em um documento, que integrar\u00e1 o banco de dados do Congresso sobre projetos inovadores em educa\u00e7\u00e3o e tecnologia.<\/p>\n<p>As <a href=\"https:\/\/iated.org\/inted2016_website\/registration\" target=\"_blank\">inscri\u00e7\u00f5es<\/a> est\u00e3o abertas e devem ser realizadas at\u00e9 o dia 12 de fevereiro.<\/p>\n<p>A aplica\u00e7\u00e3o da tecnologia \u00e9 cada vez mais crescente no \u00e2mbito educativo. Por isso, a participa\u00e7\u00e3o em congressos com o INTED pode proporcionar aos alunos da <strong><a href=\"http:\/\/www.funiber.org.br\/areas-de-conhecimento\/formacao-de-professores\/\" target=\"_blank\">\u00c1rea de Forma\u00e7\u00e3o de Professores<\/a><\/strong> da <strong><a href=\"http:\/\/www.funiber.org.br\/\" target=\"_blank\">FUNIBER<\/a><\/strong> um excelente espa\u00e7o de troca de experi\u00eancias em n\u00edvel internacional.<\/p>\n<p>Fonte: <a href=\"http:\/\/fnbr.es\/210\" target=\"_blank\">http:\/\/fnbr.es\/210<\/a><\/p>\n<p>Foto: Todos os direitos reservados<\/p>\n","protected":false},"excerpt":{"rendered":"<p>Congresso internacional realizado em Val\u00eancia abordar\u00e1 diferentes temas no \u00e2mbito da rela\u00e7\u00e3o entre educa\u00e7\u00e3o e tecnologia. Entre os dias 7 e 9 de mar\u00e7o de 2016 ser\u00e1 realizado em Val\u00eancia o X Congresso Internacional de Tecnologia, Educa\u00e7\u00e3o e Desenvolvimento (INTED), dirigido a professores, pesquisadores e profissionais do setor tecnol\u00f3gico e educativo.<\/p>\n","protected":false},"author":16,"featured_media":8860,"comment_status":"closed","ping_status":"closed","sticky":false,"template":"","format":"standard","meta":{"jetpack_post_was_ever_published":false,"_jetpack_newsletter_access":"","_jetpack_newsletter_tier_id":0,"footnotes":"","jetpack_publicize_message":"","jetpack_is_tweetstorm":false,"jetpack_publicize_feature_enabled":true,"jetpack_social_post_already_shared":false,"jetpack_social_options":{"image_generator_settings":{"template":"highway","enabled":false}}},"categories":[5],"tags":[251,285,408,686,248,911,180,975,641,255,642,26],"jetpack_publicize_connections":[],"yoast_head":"<!-- This site is optimized with the Yoast SEO plugin v21.7 - https:\/\/yoast.com\/wordpress\/plugins\/seo\/ -->\n<title>Tecnologia e Educa\u00e7\u00e3o em debate<\/title>\n<meta name=\"description\" content=\"Congresso internacional realizado em Val\u00eancia abordar\u00e1 diferentes temas no \u00e2mbito da rela\u00e7\u00e3o entre educa\u00e7\u00e3o e tecnologia.\" \/>\n<meta name=\"robots\" content=\"noindex, nofollow\" \/>\n<meta property=\"og:locale\" content=\"pt_BR\" \/>\n<meta property=\"og:type\" content=\"article\" \/>\n<meta property=\"og:title\" content=\"Tecnologia e Educa\u00e7\u00e3o em debate\" \/>\n<meta property=\"og:description\" content=\"Congresso internacional realizado em Val\u00eancia abordar\u00e1 diferentes temas no \u00e2mbito da rela\u00e7\u00e3o entre educa\u00e7\u00e3o e tecnologia.\" \/>\n<meta property=\"og:url\" content=\"https:\/\/blogs.funiber.org\/pt\/formacao-professores\/2015\/12\/22\/funiber-tecnologia-educacao-debate\" \/>\n<meta property=\"og:site_name\" content=\"FuniBlogs - FUNIBER\" \/>\n<meta property=\"article:publisher\" content=\"https:\/\/www.facebook.com\/funiber\" \/>\n<meta property=\"article:published_time\" content=\"2015-12-22T12:35:10+00:00\" \/>\n<meta property=\"og:image\" content=\"https:\/\/blogs.funiber.org\/pt\/wp-content\/uploads\/2015\/12\/iStock_000019476197_pequena.jpg\" \/>\n\t<meta property=\"og:image:width\" content=\"640\" \/>\n\t<meta property=\"og:image:height\" content=\"427\" \/>\n\t<meta property=\"og:image:type\" content=\"image\/jpeg\" \/>\n<meta name=\"author\" content=\"Mariana Dornelles\" \/>\n<meta name=\"twitter:card\" content=\"summary_large_image\" \/>\n<meta name=\"twitter:creator\" content=\"@FUNIBER\" \/>\n<meta name=\"twitter:site\" content=\"@FUNIBER\" \/>\n<meta name=\"twitter:label1\" content=\"Escrito por\" \/>\n\t<meta name=\"twitter:data1\" content=\"Mariana Dornelles\" \/>\n\t<meta name=\"twitter:label2\" content=\"Est. tempo de leitura\" \/>\n\t<meta name=\"twitter:data2\" content=\"2 minutos\" \/>\n<script type=\"application\/ld+json\" class=\"yoast-schema-graph\">{\"@context\":\"https:\/\/schema.org\",\"@graph\":[{\"@type\":\"Article\",\"@id\":\"https:\/\/blogs.funiber.org\/pt\/formacao-professores\/2015\/12\/22\/funiber-tecnologia-educacao-debate#article\",\"isPartOf\":{\"@id\":\"https:\/\/blogs.funiber.org\/pt\/formacao-professores\/2015\/12\/22\/funiber-tecnologia-educacao-debate\"},\"author\":{\"name\":\"Mariana Dornelles\",\"@id\":\"https:\/\/blogs.funiber.org\/pt\/#\/schema\/person\/cebedd0aef5286687ce641276452c76d\"},\"headline\":\"Tecnologia e Educa\u00e7\u00e3o em debate\",\"datePublished\":\"2015-12-22T12:35:10+00:00\",\"dateModified\":\"2015-12-22T12:35:10+00:00\",\"mainEntityOfPage\":{\"@id\":\"https:\/\/blogs.funiber.org\/pt\/formacao-professores\/2015\/12\/22\/funiber-tecnologia-educacao-debate\"},\"wordCount\":383,\"publisher\":{\"@id\":\"https:\/\/blogs.funiber.org\/pt\/#organization\"},\"keywords\":[\"Congresso\",\"Educa\u00e7\u00e3o\",\"Educa\u00e7\u00e3o a Dist\u00e2ncia\",\"Forma\u00e7\u00e3o de Professores\",\"Funiber\",\"FUNIBER Opini\u00f5es\",\"Inova\u00e7\u00e3o\",\"INTED\",\"Opini\u00e3o FUNIBER\",\"Opini\u00f5es Funiber\",\"Professores\",\"tecnologia\"],\"articleSection\":[\"Educa\u00e7\u00e3o,\u00a0Forma\u00e7\u00e3o Professores\"],\"inLanguage\":\"pt-BR\"},{\"@type\":\"WebPage\",\"@id\":\"https:\/\/blogs.funiber.org\/pt\/formacao-professores\/2015\/12\/22\/funiber-tecnologia-educacao-debate\",\"url\":\"https:\/\/blogs.funiber.org\/pt\/formacao-professores\/2015\/12\/22\/funiber-tecnologia-educacao-debate\",\"name\":\"Tecnologia e Educa\u00e7\u00e3o em debate\",\"isPartOf\":{\"@id\":\"https:\/\/blogs.funiber.org\/pt\/#website\"},\"datePublished\":\"2015-12-22T12:35:10+00:00\",\"dateModified\":\"2015-12-22T12:35:10+00:00\",\"description\":\"Congresso internacional realizado em Val\u00eancia abordar\u00e1 diferentes temas no \u00e2mbito da rela\u00e7\u00e3o entre educa\u00e7\u00e3o e tecnologia.\",\"breadcrumb\":{\"@id\":\"https:\/\/blogs.funiber.org\/pt\/formacao-professores\/2015\/12\/22\/funiber-tecnologia-educacao-debate#breadcrumb\"},\"inLanguage\":\"pt-BR\",\"potentialAction\":[{\"@type\":\"ReadAction\",\"target\":[\"https:\/\/blogs.funiber.org\/pt\/formacao-professores\/2015\/12\/22\/funiber-tecnologia-educacao-debate\"]}]},{\"@type\":\"BreadcrumbList\",\"@id\":\"https:\/\/blogs.funiber.org\/pt\/formacao-professores\/2015\/12\/22\/funiber-tecnologia-educacao-debate#breadcrumb\",\"itemListElement\":[{\"@type\":\"ListItem\",\"position\":1,\"name\":\"In\u00edcio\",\"item\":\"https:\/\/blogs.funiber.org\/pt\"},{\"@type\":\"ListItem\",\"position\":2,\"name\":\"Tecnologia e Educa\u00e7\u00e3o em debate\"}]},{\"@type\":\"WebSite\",\"@id\":\"https:\/\/blogs.funiber.org\/pt\/#website\",\"url\":\"https:\/\/blogs.funiber.org\/pt\/\",\"name\":\"FuniBlogs - FUNIBER\",\"description\":\"\",\"publisher\":{\"@id\":\"https:\/\/blogs.funiber.org\/pt\/#organization\"},\"potentialAction\":[{\"@type\":\"SearchAction\",\"target\":{\"@type\":\"EntryPoint\",\"urlTemplate\":\"https:\/\/blogs.funiber.org\/pt\/?s={search_term_string}\"},\"query-input\":\"required name=search_term_string\"}],\"inLanguage\":\"pt-BR\"},{\"@type\":\"Organization\",\"@id\":\"https:\/\/blogs.funiber.org\/pt\/#organization\",\"name\":\"FuniBlogs - FUNIBER\",\"url\":\"https:\/\/blogs.funiber.org\/pt\/\",\"logo\":{\"@type\":\"ImageObject\",\"inLanguage\":\"pt-BR\",\"@id\":\"https:\/\/blogs.funiber.org\/pt\/#\/schema\/logo\/image\/\",\"url\":\"https:\/\/www.funiber.blog\/pt\/wp-content\/uploads\/2022\/02\/logo-funiber-pt-br-v-dos.svg\",\"contentUrl\":\"https:\/\/www.funiber.blog\/pt\/wp-content\/uploads\/2022\/02\/logo-funiber-pt-br-v-dos.svg\",\"width\":1,\"height\":1,\"caption\":\"FuniBlogs - FUNIBER\"},\"image\":{\"@id\":\"https:\/\/blogs.funiber.org\/pt\/#\/schema\/logo\/image\/\"},\"sameAs\":[\"https:\/\/www.facebook.com\/funiber\",\"https:\/\/twitter.com\/FUNIBER\",\"https:\/\/www.instagram.com\/funiber_becas\",\"https:\/\/www.youtube.com\/user\/funiber\",\"https:\/\/www.linkedin.com\/company\/funiber\"]},{\"@type\":\"Person\",\"@id\":\"https:\/\/blogs.funiber.org\/pt\/#\/schema\/person\/cebedd0aef5286687ce641276452c76d\",\"name\":\"Mariana Dornelles\",\"image\":{\"@type\":\"ImageObject\",\"inLanguage\":\"pt-BR\",\"@id\":\"https:\/\/blogs.funiber.org\/pt\/#\/schema\/person\/image\/\",\"url\":\"https:\/\/secure.gravatar.com\/avatar\/2fbaa65ea908e82807b005c351db3c9d?s=96&d=mm&r=g\",\"contentUrl\":\"https:\/\/secure.gravatar.com\/avatar\/2fbaa65ea908e82807b005c351db3c9d?s=96&d=mm&r=g\",\"caption\":\"Mariana Dornelles\"},\"url\":\"https:\/\/www.funiber.blog\/pt\/author\/mariana-dornelles\"}]}<\/script>\n<!-- \/ Yoast SEO plugin. -->","yoast_head_json":{"title":"Tecnologia e Educa\u00e7\u00e3o em debate","description":"Congresso internacional realizado em Val\u00eancia abordar\u00e1 diferentes temas no \u00e2mbito da rela\u00e7\u00e3o entre educa\u00e7\u00e3o e tecnologia.","robots":{"index":"noindex","follow":"nofollow"},"og_locale":"pt_BR","og_type":"article","og_title":"Tecnologia e Educa\u00e7\u00e3o em debate","og_description":"Congresso internacional realizado em Val\u00eancia abordar\u00e1 diferentes temas no \u00e2mbito da rela\u00e7\u00e3o entre educa\u00e7\u00e3o e tecnologia.","og_url":"https:\/\/blogs.funiber.org\/pt\/formacao-professores\/2015\/12\/22\/funiber-tecnologia-educacao-debate","og_site_name":"FuniBlogs - FUNIBER","article_publisher":"https:\/\/www.facebook.com\/funiber","article_published_time":"2015-12-22T12:35:10+00:00","og_image":[{"width":640,"height":427,"url":"https:\/\/blogs.funiber.org\/pt\/wp-content\/uploads\/2015\/12\/iStock_000019476197_pequena.jpg","type":"image\/jpeg"}],"author":"Mariana Dornelles","twitter_card":"summary_large_image","twitter_creator":"@FUNIBER","twitter_site":"@FUNIBER","twitter_misc":{"Escrito por":"Mariana Dornelles","Est. tempo de leitura":"2 minutos"},"schema":{"@context":"https:\/\/schema.org","@graph":[{"@type":"Article","@id":"https:\/\/blogs.funiber.org\/pt\/formacao-professores\/2015\/12\/22\/funiber-tecnologia-educacao-debate#article","isPartOf":{"@id":"https:\/\/blogs.funiber.org\/pt\/formacao-professores\/2015\/12\/22\/funiber-tecnologia-educacao-debate"},"author":{"name":"Mariana Dornelles","@id":"https:\/\/blogs.funiber.org\/pt\/#\/schema\/person\/cebedd0aef5286687ce641276452c76d"},"headline":"Tecnologia e Educa\u00e7\u00e3o em debate","datePublished":"2015-12-22T12:35:10+00:00","dateModified":"2015-12-22T12:35:10+00:00","mainEntityOfPage":{"@id":"https:\/\/blogs.funiber.org\/pt\/formacao-professores\/2015\/12\/22\/funiber-tecnologia-educacao-debate"},"wordCount":383,"publisher":{"@id":"https:\/\/blogs.funiber.org\/pt\/#organization"},"keywords":["Congresso","Educa\u00e7\u00e3o","Educa\u00e7\u00e3o a Dist\u00e2ncia","Forma\u00e7\u00e3o de Professores","Funiber","FUNIBER Opini\u00f5es","Inova\u00e7\u00e3o","INTED","Opini\u00e3o FUNIBER","Opini\u00f5es Funiber","Professores","tecnologia"],"articleSection":["Educa\u00e7\u00e3o,\u00a0Forma\u00e7\u00e3o Professores"],"inLanguage":"pt-BR"},{"@type":"WebPage","@id":"https:\/\/blogs.funiber.org\/pt\/formacao-professores\/2015\/12\/22\/funiber-tecnologia-educacao-debate","url":"https:\/\/blogs.funiber.org\/pt\/formacao-professores\/2015\/12\/22\/funiber-tecnologia-educacao-debate","name":"Tecnologia e Educa\u00e7\u00e3o em debate","isPartOf":{"@id":"https:\/\/blogs.funiber.org\/pt\/#website"},"datePublished":"2015-12-22T12:35:10+00:00","dateModified":"2015-12-22T12:35:10+00:00","description":"Congresso internacional realizado em Val\u00eancia abordar\u00e1 diferentes temas no \u00e2mbito da rela\u00e7\u00e3o entre educa\u00e7\u00e3o e tecnologia.","breadcrumb":{"@id":"https:\/\/blogs.funiber.org\/pt\/formacao-professores\/2015\/12\/22\/funiber-tecnologia-educacao-debate#breadcrumb"},"inLanguage":"pt-BR","potentialAction":[{"@type":"ReadAction","target":["https:\/\/blogs.funiber.org\/pt\/formacao-professores\/2015\/12\/22\/funiber-tecnologia-educacao-debate"]}]},{"@type":"BreadcrumbList","@id":"https:\/\/blogs.funiber.org\/pt\/formacao-professores\/2015\/12\/22\/funiber-tecnologia-educacao-debate#breadcrumb","itemListElement":[{"@type":"ListItem","position":1,"name":"In\u00edcio","item":"https:\/\/blogs.funiber.org\/pt"},{"@type":"ListItem","position":2,"name":"Tecnologia e Educa\u00e7\u00e3o em debate"}]},{"@type":"WebSite","@id":"https:\/\/blogs.funiber.org\/pt\/#website","url":"https:\/\/blogs.funiber.org\/pt\/","name":"FuniBlogs - FUNIBER","description":"","publisher":{"@id":"https:\/\/blogs.funiber.org\/pt\/#organization"},"potentialAction":[{"@type":"SearchAction","target":{"@type":"EntryPoint","urlTemplate":"https:\/\/blogs.funiber.org\/pt\/?s={search_term_string}"},"query-input":"required name=search_term_string"}],"inLanguage":"pt-BR"},{"@type":"Organization","@id":"https:\/\/blogs.funiber.org\/pt\/#organization","name":"FuniBlogs - FUNIBER","url":"https:\/\/blogs.funiber.org\/pt\/","logo":{"@type":"ImageObject","inLanguage":"pt-BR","@id":"https:\/\/blogs.funiber.org\/pt\/#\/schema\/logo\/image\/","url":"https:\/\/www.funiber.blog\/pt\/wp-content\/uploads\/2022\/02\/logo-funiber-pt-br-v-dos.svg","contentUrl":"https:\/\/www.funiber.blog\/pt\/wp-content\/uploads\/2022\/02\/logo-funiber-pt-br-v-dos.svg","width":1,"height":1,"caption":"FuniBlogs - FUNIBER"},"image":{"@id":"https:\/\/blogs.funiber.org\/pt\/#\/schema\/logo\/image\/"},"sameAs":["https:\/\/www.facebook.com\/funiber","https:\/\/twitter.com\/FUNIBER","https:\/\/www.instagram.com\/funiber_becas","https:\/\/www.youtube.com\/user\/funiber","https:\/\/www.linkedin.com\/company\/funiber"]},{"@type":"Person","@id":"https:\/\/blogs.funiber.org\/pt\/#\/schema\/person\/cebedd0aef5286687ce641276452c76d","name":"Mariana Dornelles","image":{"@type":"ImageObject","inLanguage":"pt-BR","@id":"https:\/\/blogs.funiber.org\/pt\/#\/schema\/person\/image\/","url":"https:\/\/secure.gravatar.com\/avatar\/2fbaa65ea908e82807b005c351db3c9d?s=96&d=mm&r=g","contentUrl":"https:\/\/secure.gravatar.com\/avatar\/2fbaa65ea908e82807b005c351db3c9d?s=96&d=mm&r=g","caption":"Mariana Dornelles"},"url":"https:\/\/www.funiber.blog\/pt\/author\/mariana-dornelles"}]}},"jetpack_featured_media_url":"https:\/\/www.funiber.blog\/pt\/wp-content\/uploads\/2015\/12\/iStock_000019476197_pequena.jpg","jetpack_shortlink":"https:\/\/wp.me\/p7ee1t-2iR","jetpack_sharing_enabled":true,"_links":{"self":[{"href":"https:\/\/www.funiber.blog\/pt\/wp-json\/wp\/v2\/posts\/8857"}],"collection":[{"href":"https:\/\/www.funiber.blog\/pt\/wp-json\/wp\/v2\/posts"}],"about":[{"href":"https:\/\/www.funiber.blog\/pt\/wp-json\/wp\/v2\/types\/post"}],"author":[{"embeddable":true,"href":"https:\/\/www.funiber.blog\/pt\/wp-json\/wp\/v2\/users\/16"}],"replies":[{"embeddable":true,"href":"https:\/\/www.funiber.blog\/pt\/wp-json\/wp\/v2\/comments?post=8857"}],"version-history":[{"count":3,"href":"https:\/\/www.funiber.blog\/pt\/wp-json\/wp\/v2\/posts\/8857\/revisions"}],"predecessor-version":[{"id":8861,"href":"https:\/\/www.funiber.blog\/pt\/wp-json\/wp\/v2\/posts\/8857\/revisions\/8861"}],"wp:featuredmedia":[{"embeddable":true,"href":"https:\/\/www.funiber.blog\/pt\/wp-json\/wp\/v2\/media\/8860"}],"wp:attachment":[{"href":"https:\/\/www.funiber.blog\/pt\/wp-json\/wp\/v2\/media?parent=8857"}],"wp:term":[{"taxonomy":"category","embeddable":true,"href":"https:\/\/www.funiber.blog\/pt\/wp-json\/wp\/v2\/categories?post=8857"},{"taxonomy":"post_tag","embeddable":true,"href":"https:\/\/www.funiber.blog\/pt\/wp-json\/wp\/v2\/tags?post=8857"}],"curies":[{"name":"wp","href":"https:\/\/api.w.org\/{rel}","templated":true}]}}