{"id":8946,"date":"2016-01-05T10:01:19","date_gmt":"2016-01-05T10:01:19","guid":{"rendered":"http:\/\/blogs.funiber.org\/pt\/?p=8946"},"modified":"2016-01-05T10:01:19","modified_gmt":"2016-01-05T10:01:19","slug":"funiber-aprender-crescer-inovar-educacao","status":"publish","type":"post","link":"https:\/\/www.funiber.blog\/pt\/formacao-professores\/2016\/01\/05\/funiber-aprender-crescer-inovar-educacao","title":{"rendered":"Aprender, crescer e inovar em Educa\u00e7\u00e3o"},"content":{"rendered":"<h2>Congresso Internacional em Alicante quer fomentar o debate sobre respostas inovadoras aos desafios atuais da educa\u00e7\u00e3o<\/h2>\n<p>A <strong>educa\u00e7\u00e3o do s\u00e9culo XXI<\/strong> apresenta uma s\u00e9rie de <strong>desafios<\/strong> para todos os profissionais que trabalham no setor. A presen\u00e7a das novas tecnologias, as mudan\u00e7as nos ambientes de aprendizagem, a redefini\u00e7\u00e3o do papel do professor e a contribui\u00e7\u00e3o de outras \u00e1reas do conhecimento s\u00e3o apenas algumas das quest\u00f5es enfrentadas diariamente nos centros educacionais.<\/p>\n<p><!--more--><\/p>\n<p>Para trazer \u00e0 tona esses e outros temas, a <a href=\"http:\/\/www.acipe.es\/\" target=\"_blank\">Associa\u00e7\u00e3o Cient\u00edfica de Psicologia e Educa\u00e7\u00e3o<\/a> se prop\u00f4s a realizar, entre os dias 15 e 17 de junho de 2016, o <a href=\"http:\/\/www.cipe2016.com\/es\/\" target=\"_blank\">VIII Congresso Internacional de Psicologia e Educa\u00e7\u00e3o<\/a> (CIPE) na Universidade de Alicante.<\/p>\n<p>A partir do tema <strong>Aprendendo, Crescendo, Inovando<\/strong>, o Congresso visa a <strong>fomentar o debate sobre respostas inovadoras aos desafios atuais da educa\u00e7\u00e3o, com o intuito de contribuir para a melhora da qualidade educativa e da sociedade em geral. <\/strong><\/p>\n<p>O Congresso, que est\u00e1 dirigido a acad\u00eamicos, profissionais e estudantes de psicologia e de educa\u00e7\u00e3o, abarcar\u00e1 as <strong>principais quest\u00f5es que afetam os profissionais da educa\u00e7\u00e3o hoje em dia<\/strong>:<\/p>\n<p>&#8211; Desenho e o desenvolvimento de novos ambientes de aprendizagem;<\/p>\n<p>&#8211; Uso das novas tecnologias;<\/p>\n<p>&#8211; Motiva\u00e7\u00e3o estudantil;<\/p>\n<p>&#8211; Aplica\u00e7\u00e3o da neuroci\u00eancia na educa\u00e7\u00e3o;<\/p>\n<p>&#8211; Avalia\u00e7\u00e3o das aprendizagens e compet\u00eancias;<\/p>\n<p>&#8211; Dificuldades de aprendizagem e transtornos do desenvolvimento;<\/p>\n<p>&#8211; Aten\u00e7\u00e3o precoce;<\/p>\n<p>&#8211; Valoriza\u00e7\u00e3o do professorado;<\/p>\n<p>&#8211; Papel da fam\u00edlia na educa\u00e7\u00e3o;<\/p>\n<p>&#8211; Conflitos escolares;<\/p>\n<p>&#8211; Baixo rendimento acad\u00e9mico; e<\/p>\n<p>&#8211; Papel dos psic\u00f3logos educativos.<\/p>\n<p>Entre os principais <a href=\"http:\/\/www.cipe2016.com\/es\/ponentes-confirmados.html\" target=\"_blank\">palestrantes<\/a> confirmados, est\u00e3o <a href=\"http:\/\/www.cipe2016.com\/es\/program\/conferenciantes\/81-cipe2016\/163-alfonso-echazarra.html\" target=\"_blank\">Alfonso Echazarra<\/a>, analista da <a href=\"http:\/\/www.oecd.org\/\" target=\"_blank\">OCDE<\/a> para o projeto PISA; <a href=\"http:\/\/www.cipe2016.com\/es\/program\/conferenciantes\/81-cipe2016\/165-christina-salmivalli.html\" target=\"_blank\">Christina Salmivalli,<\/a> do <a href=\"https:\/\/www.funiber.blog\/pt\/formacao-professores\/2015\/11\/06\/funiber-programa-finlandes-combater-bullying-escolas\" target=\"_blank\">projeto KiVa<\/a> da Finl\u00e2ndia; e <a href=\"http:\/\/www.cipe2016.com\/es\/program\/conferenciantes\/81-cipe2016\/166-peter-k-smith.html\" target=\"_blank\">Peter K. Smith<\/a>, da Universidade de Londres.<\/p>\n<p>O Congresso est\u00e1 aberto \u00e0 <strong>apresenta\u00e7\u00e3o de trabalhos<\/strong>, na forma de comunica\u00e7\u00e3o oral, p\u00f4ster ou simp\u00f3sio. O resumo das propostas, que n\u00e3o podem ter sido apresentadas em outras ocasi\u00f5es anteriormente, devem ser enviados <strong>at\u00e9 o dia 30 de janeiro de 2016<\/strong>.<\/p>\n<p>A <a href=\"http:\/\/www.funiber.org.br\/\" target=\"_blank\"><strong>FUNIBER<\/strong><\/a> estimula os alunos da \u00e1rea de <a href=\"http:\/\/www.funiber.org.br\/areas-de-conhecimento\/formacao-de-professores\/\" target=\"_blank\"><strong>Forma\u00e7\u00e3o de Professores<\/strong><\/a> a participem de jornadas como esta, para que possam participar de debates em n\u00edvel internacional sobre temas relevantes da atualidade educativa.<\/p>\n<p>Fonte: <a href=\"http:\/\/fnbr.es\/22u\" target=\"_blank\">http:\/\/fnbr.es\/22u<\/a><\/p>\n<p>Foto: Todos os direitos reservados<\/p>\n","protected":false},"excerpt":{"rendered":"<p>Congresso Internacional em Alicante quer fomentar o debate sobre respostas inovadoras aos desafios atuais da educa\u00e7\u00e3o A educa\u00e7\u00e3o do s\u00e9culo XXI apresenta uma s\u00e9rie de desafios para todos os profissionais que trabalham no setor. A presen\u00e7a das novas tecnologias, as mudan\u00e7as nos ambientes de aprendizagem, a redefini\u00e7\u00e3o do papel do professor e a contribui\u00e7\u00e3o de [&hellip;]<\/p>\n","protected":false},"author":16,"featured_media":8949,"comment_status":"closed","ping_status":"closed","sticky":false,"template":"","format":"standard","meta":{"jetpack_post_was_ever_published":false,"_jetpack_newsletter_access":"","_jetpack_newsletter_tier_id":0,"footnotes":"","jetpack_publicize_message":"","jetpack_is_tweetstorm":false,"jetpack_publicize_feature_enabled":true,"jetpack_social_post_already_shared":false,"jetpack_social_options":{"image_generator_settings":{"template":"highway","enabled":false}}},"categories":[5],"tags":[1002,251,285,408,686,248,911,641,255,642,1003],"jetpack_publicize_connections":[],"yoast_head":"<!-- This site is optimized with the Yoast SEO plugin v21.7 - https:\/\/yoast.com\/wordpress\/plugins\/seo\/ -->\n<title>Aprender, crescer e inovar em Educa\u00e7\u00e3o<\/title>\n<meta name=\"description\" content=\"Congresso Internacional em Alicante quer fomentar o debate sobre respostas inovadoras aos desafios atuais da educa\u00e7\u00e3o\" \/>\n<meta name=\"robots\" content=\"index, follow, max-snippet:-1, max-image-preview:large, max-video-preview:-1\" \/>\n<link rel=\"canonical\" href=\"https:\/\/blogs.funiber.org\/pt\/formacao-professores\/2016\/01\/05\/funiber-aprender-crescer-inovar-educacao\" \/>\n<meta property=\"og:locale\" content=\"pt_BR\" \/>\n<meta property=\"og:type\" content=\"article\" \/>\n<meta property=\"og:title\" content=\"Aprender, crescer e inovar em Educa\u00e7\u00e3o\" \/>\n<meta property=\"og:description\" content=\"Congresso Internacional em Alicante quer fomentar o debate sobre respostas inovadoras aos desafios atuais da educa\u00e7\u00e3o\" \/>\n<meta property=\"og:url\" content=\"https:\/\/blogs.funiber.org\/pt\/formacao-professores\/2016\/01\/05\/funiber-aprender-crescer-inovar-educacao\" \/>\n<meta property=\"og:site_name\" content=\"FuniBlogs - FUNIBER\" \/>\n<meta property=\"article:publisher\" content=\"https:\/\/www.facebook.com\/funiber\" \/>\n<meta property=\"article:published_time\" content=\"2016-01-05T10:01:19+00:00\" \/>\n<meta property=\"og:image\" content=\"https:\/\/blogs.funiber.org\/pt\/wp-content\/uploads\/2016\/01\/funiber-congresso-educa\u00e7\u00e3o.jpg\" \/>\n\t<meta property=\"og:image:width\" content=\"640\" \/>\n\t<meta property=\"og:image:height\" content=\"427\" \/>\n\t<meta property=\"og:image:type\" content=\"image\/jpeg\" \/>\n<meta name=\"author\" content=\"Mariana Dornelles\" \/>\n<meta name=\"twitter:card\" content=\"summary_large_image\" \/>\n<meta name=\"twitter:creator\" content=\"@FUNIBER\" \/>\n<meta name=\"twitter:site\" content=\"@FUNIBER\" \/>\n<meta name=\"twitter:label1\" content=\"Escrito por\" \/>\n\t<meta name=\"twitter:data1\" content=\"Mariana Dornelles\" \/>\n\t<meta name=\"twitter:label2\" content=\"Est. tempo de leitura\" \/>\n\t<meta name=\"twitter:data2\" content=\"2 minutos\" \/>\n<script type=\"application\/ld+json\" class=\"yoast-schema-graph\">{\"@context\":\"https:\/\/schema.org\",\"@graph\":[{\"@type\":\"Article\",\"@id\":\"https:\/\/blogs.funiber.org\/pt\/formacao-professores\/2016\/01\/05\/funiber-aprender-crescer-inovar-educacao#article\",\"isPartOf\":{\"@id\":\"https:\/\/blogs.funiber.org\/pt\/formacao-professores\/2016\/01\/05\/funiber-aprender-crescer-inovar-educacao\"},\"author\":{\"name\":\"Mariana Dornelles\",\"@id\":\"https:\/\/blogs.funiber.org\/pt\/#\/schema\/person\/cebedd0aef5286687ce641276452c76d\"},\"headline\":\"Aprender, crescer e inovar em Educa\u00e7\u00e3o\",\"datePublished\":\"2016-01-05T10:01:19+00:00\",\"dateModified\":\"2016-01-05T10:01:19+00:00\",\"mainEntityOfPage\":{\"@id\":\"https:\/\/blogs.funiber.org\/pt\/formacao-professores\/2016\/01\/05\/funiber-aprender-crescer-inovar-educacao\"},\"wordCount\":396,\"publisher\":{\"@id\":\"https:\/\/blogs.funiber.org\/pt\/#organization\"},\"keywords\":[\"Alicante\",\"Congresso\",\"Educa\u00e7\u00e3o\",\"Educa\u00e7\u00e3o a Dist\u00e2ncia\",\"Forma\u00e7\u00e3o de Professores\",\"Funiber\",\"FUNIBER Opini\u00f5es\",\"Opini\u00e3o FUNIBER\",\"Opini\u00f5es Funiber\",\"Professores\",\"VIII Congresso Internacional de Psicologia e Educa\u00e7\u00e3o\"],\"articleSection\":[\"Educa\u00e7\u00e3o,\u00a0Forma\u00e7\u00e3o Professores\"],\"inLanguage\":\"pt-BR\"},{\"@type\":\"WebPage\",\"@id\":\"https:\/\/blogs.funiber.org\/pt\/formacao-professores\/2016\/01\/05\/funiber-aprender-crescer-inovar-educacao\",\"url\":\"https:\/\/blogs.funiber.org\/pt\/formacao-professores\/2016\/01\/05\/funiber-aprender-crescer-inovar-educacao\",\"name\":\"Aprender, crescer e inovar em Educa\u00e7\u00e3o\",\"isPartOf\":{\"@id\":\"https:\/\/blogs.funiber.org\/pt\/#website\"},\"datePublished\":\"2016-01-05T10:01:19+00:00\",\"dateModified\":\"2016-01-05T10:01:19+00:00\",\"description\":\"Congresso Internacional em Alicante quer fomentar o debate sobre respostas inovadoras aos desafios atuais da educa\u00e7\u00e3o\",\"breadcrumb\":{\"@id\":\"https:\/\/blogs.funiber.org\/pt\/formacao-professores\/2016\/01\/05\/funiber-aprender-crescer-inovar-educacao#breadcrumb\"},\"inLanguage\":\"pt-BR\",\"potentialAction\":[{\"@type\":\"ReadAction\",\"target\":[\"https:\/\/blogs.funiber.org\/pt\/formacao-professores\/2016\/01\/05\/funiber-aprender-crescer-inovar-educacao\"]}]},{\"@type\":\"BreadcrumbList\",\"@id\":\"https:\/\/blogs.funiber.org\/pt\/formacao-professores\/2016\/01\/05\/funiber-aprender-crescer-inovar-educacao#breadcrumb\",\"itemListElement\":[{\"@type\":\"ListItem\",\"position\":1,\"name\":\"In\u00edcio\",\"item\":\"https:\/\/blogs.funiber.org\/pt\"},{\"@type\":\"ListItem\",\"position\":2,\"name\":\"Aprender, crescer e inovar em Educa\u00e7\u00e3o\"}]},{\"@type\":\"WebSite\",\"@id\":\"https:\/\/blogs.funiber.org\/pt\/#website\",\"url\":\"https:\/\/blogs.funiber.org\/pt\/\",\"name\":\"FuniBlogs - FUNIBER\",\"description\":\"\",\"publisher\":{\"@id\":\"https:\/\/blogs.funiber.org\/pt\/#organization\"},\"potentialAction\":[{\"@type\":\"SearchAction\",\"target\":{\"@type\":\"EntryPoint\",\"urlTemplate\":\"https:\/\/blogs.funiber.org\/pt\/?s={search_term_string}\"},\"query-input\":\"required name=search_term_string\"}],\"inLanguage\":\"pt-BR\"},{\"@type\":\"Organization\",\"@id\":\"https:\/\/blogs.funiber.org\/pt\/#organization\",\"name\":\"FuniBlogs - FUNIBER\",\"url\":\"https:\/\/blogs.funiber.org\/pt\/\",\"logo\":{\"@type\":\"ImageObject\",\"inLanguage\":\"pt-BR\",\"@id\":\"https:\/\/blogs.funiber.org\/pt\/#\/schema\/logo\/image\/\",\"url\":\"https:\/\/www.funiber.blog\/pt\/wp-content\/uploads\/2022\/02\/logo-funiber-pt-br-v-dos.svg\",\"contentUrl\":\"https:\/\/www.funiber.blog\/pt\/wp-content\/uploads\/2022\/02\/logo-funiber-pt-br-v-dos.svg\",\"width\":1,\"height\":1,\"caption\":\"FuniBlogs - FUNIBER\"},\"image\":{\"@id\":\"https:\/\/blogs.funiber.org\/pt\/#\/schema\/logo\/image\/\"},\"sameAs\":[\"https:\/\/www.facebook.com\/funiber\",\"https:\/\/twitter.com\/FUNIBER\",\"https:\/\/www.instagram.com\/funiber_becas\",\"https:\/\/www.youtube.com\/user\/funiber\",\"https:\/\/www.linkedin.com\/company\/funiber\"]},{\"@type\":\"Person\",\"@id\":\"https:\/\/blogs.funiber.org\/pt\/#\/schema\/person\/cebedd0aef5286687ce641276452c76d\",\"name\":\"Mariana Dornelles\",\"image\":{\"@type\":\"ImageObject\",\"inLanguage\":\"pt-BR\",\"@id\":\"https:\/\/blogs.funiber.org\/pt\/#\/schema\/person\/image\/\",\"url\":\"https:\/\/secure.gravatar.com\/avatar\/2fbaa65ea908e82807b005c351db3c9d?s=96&d=mm&r=g\",\"contentUrl\":\"https:\/\/secure.gravatar.com\/avatar\/2fbaa65ea908e82807b005c351db3c9d?s=96&d=mm&r=g\",\"caption\":\"Mariana Dornelles\"},\"url\":\"https:\/\/www.funiber.blog\/pt\/author\/mariana-dornelles\"}]}<\/script>\n<!-- \/ Yoast SEO plugin. -->","yoast_head_json":{"title":"Aprender, crescer e inovar em Educa\u00e7\u00e3o","description":"Congresso Internacional em Alicante quer fomentar o debate sobre respostas inovadoras aos desafios atuais da educa\u00e7\u00e3o","robots":{"index":"index","follow":"follow","max-snippet":"max-snippet:-1","max-image-preview":"max-image-preview:large","max-video-preview":"max-video-preview:-1"},"canonical":"https:\/\/blogs.funiber.org\/pt\/formacao-professores\/2016\/01\/05\/funiber-aprender-crescer-inovar-educacao","og_locale":"pt_BR","og_type":"article","og_title":"Aprender, crescer e inovar em Educa\u00e7\u00e3o","og_description":"Congresso Internacional em Alicante quer fomentar o debate sobre respostas inovadoras aos desafios atuais da educa\u00e7\u00e3o","og_url":"https:\/\/blogs.funiber.org\/pt\/formacao-professores\/2016\/01\/05\/funiber-aprender-crescer-inovar-educacao","og_site_name":"FuniBlogs - FUNIBER","article_publisher":"https:\/\/www.facebook.com\/funiber","article_published_time":"2016-01-05T10:01:19+00:00","og_image":[{"width":640,"height":427,"url":"https:\/\/blogs.funiber.org\/pt\/wp-content\/uploads\/2016\/01\/funiber-congresso-educa\u00e7\u00e3o.jpg","type":"image\/jpeg"}],"author":"Mariana Dornelles","twitter_card":"summary_large_image","twitter_creator":"@FUNIBER","twitter_site":"@FUNIBER","twitter_misc":{"Escrito por":"Mariana Dornelles","Est. tempo de leitura":"2 minutos"},"schema":{"@context":"https:\/\/schema.org","@graph":[{"@type":"Article","@id":"https:\/\/blogs.funiber.org\/pt\/formacao-professores\/2016\/01\/05\/funiber-aprender-crescer-inovar-educacao#article","isPartOf":{"@id":"https:\/\/blogs.funiber.org\/pt\/formacao-professores\/2016\/01\/05\/funiber-aprender-crescer-inovar-educacao"},"author":{"name":"Mariana Dornelles","@id":"https:\/\/blogs.funiber.org\/pt\/#\/schema\/person\/cebedd0aef5286687ce641276452c76d"},"headline":"Aprender, crescer e inovar em Educa\u00e7\u00e3o","datePublished":"2016-01-05T10:01:19+00:00","dateModified":"2016-01-05T10:01:19+00:00","mainEntityOfPage":{"@id":"https:\/\/blogs.funiber.org\/pt\/formacao-professores\/2016\/01\/05\/funiber-aprender-crescer-inovar-educacao"},"wordCount":396,"publisher":{"@id":"https:\/\/blogs.funiber.org\/pt\/#organization"},"keywords":["Alicante","Congresso","Educa\u00e7\u00e3o","Educa\u00e7\u00e3o a Dist\u00e2ncia","Forma\u00e7\u00e3o de Professores","Funiber","FUNIBER Opini\u00f5es","Opini\u00e3o FUNIBER","Opini\u00f5es Funiber","Professores","VIII Congresso Internacional de Psicologia e Educa\u00e7\u00e3o"],"articleSection":["Educa\u00e7\u00e3o,\u00a0Forma\u00e7\u00e3o Professores"],"inLanguage":"pt-BR"},{"@type":"WebPage","@id":"https:\/\/blogs.funiber.org\/pt\/formacao-professores\/2016\/01\/05\/funiber-aprender-crescer-inovar-educacao","url":"https:\/\/blogs.funiber.org\/pt\/formacao-professores\/2016\/01\/05\/funiber-aprender-crescer-inovar-educacao","name":"Aprender, crescer e inovar em Educa\u00e7\u00e3o","isPartOf":{"@id":"https:\/\/blogs.funiber.org\/pt\/#website"},"datePublished":"2016-01-05T10:01:19+00:00","dateModified":"2016-01-05T10:01:19+00:00","description":"Congresso Internacional em Alicante quer fomentar o debate sobre respostas inovadoras aos desafios atuais da educa\u00e7\u00e3o","breadcrumb":{"@id":"https:\/\/blogs.funiber.org\/pt\/formacao-professores\/2016\/01\/05\/funiber-aprender-crescer-inovar-educacao#breadcrumb"},"inLanguage":"pt-BR","potentialAction":[{"@type":"ReadAction","target":["https:\/\/blogs.funiber.org\/pt\/formacao-professores\/2016\/01\/05\/funiber-aprender-crescer-inovar-educacao"]}]},{"@type":"BreadcrumbList","@id":"https:\/\/blogs.funiber.org\/pt\/formacao-professores\/2016\/01\/05\/funiber-aprender-crescer-inovar-educacao#breadcrumb","itemListElement":[{"@type":"ListItem","position":1,"name":"In\u00edcio","item":"https:\/\/blogs.funiber.org\/pt"},{"@type":"ListItem","position":2,"name":"Aprender, crescer e inovar em Educa\u00e7\u00e3o"}]},{"@type":"WebSite","@id":"https:\/\/blogs.funiber.org\/pt\/#website","url":"https:\/\/blogs.funiber.org\/pt\/","name":"FuniBlogs - FUNIBER","description":"","publisher":{"@id":"https:\/\/blogs.funiber.org\/pt\/#organization"},"potentialAction":[{"@type":"SearchAction","target":{"@type":"EntryPoint","urlTemplate":"https:\/\/blogs.funiber.org\/pt\/?s={search_term_string}"},"query-input":"required name=search_term_string"}],"inLanguage":"pt-BR"},{"@type":"Organization","@id":"https:\/\/blogs.funiber.org\/pt\/#organization","name":"FuniBlogs - FUNIBER","url":"https:\/\/blogs.funiber.org\/pt\/","logo":{"@type":"ImageObject","inLanguage":"pt-BR","@id":"https:\/\/blogs.funiber.org\/pt\/#\/schema\/logo\/image\/","url":"https:\/\/www.funiber.blog\/pt\/wp-content\/uploads\/2022\/02\/logo-funiber-pt-br-v-dos.svg","contentUrl":"https:\/\/www.funiber.blog\/pt\/wp-content\/uploads\/2022\/02\/logo-funiber-pt-br-v-dos.svg","width":1,"height":1,"caption":"FuniBlogs - FUNIBER"},"image":{"@id":"https:\/\/blogs.funiber.org\/pt\/#\/schema\/logo\/image\/"},"sameAs":["https:\/\/www.facebook.com\/funiber","https:\/\/twitter.com\/FUNIBER","https:\/\/www.instagram.com\/funiber_becas","https:\/\/www.youtube.com\/user\/funiber","https:\/\/www.linkedin.com\/company\/funiber"]},{"@type":"Person","@id":"https:\/\/blogs.funiber.org\/pt\/#\/schema\/person\/cebedd0aef5286687ce641276452c76d","name":"Mariana Dornelles","image":{"@type":"ImageObject","inLanguage":"pt-BR","@id":"https:\/\/blogs.funiber.org\/pt\/#\/schema\/person\/image\/","url":"https:\/\/secure.gravatar.com\/avatar\/2fbaa65ea908e82807b005c351db3c9d?s=96&d=mm&r=g","contentUrl":"https:\/\/secure.gravatar.com\/avatar\/2fbaa65ea908e82807b005c351db3c9d?s=96&d=mm&r=g","caption":"Mariana Dornelles"},"url":"https:\/\/www.funiber.blog\/pt\/author\/mariana-dornelles"}]}},"jetpack_featured_media_url":"https:\/\/www.funiber.blog\/pt\/wp-content\/uploads\/2016\/01\/funiber-congresso-educa\u00e7\u00e3o.jpg","jetpack_shortlink":"https:\/\/wp.me\/p7ee1t-2ki","jetpack_sharing_enabled":true,"_links":{"self":[{"href":"https:\/\/www.funiber.blog\/pt\/wp-json\/wp\/v2\/posts\/8946"}],"collection":[{"href":"https:\/\/www.funiber.blog\/pt\/wp-json\/wp\/v2\/posts"}],"about":[{"href":"https:\/\/www.funiber.blog\/pt\/wp-json\/wp\/v2\/types\/post"}],"author":[{"embeddable":true,"href":"https:\/\/www.funiber.blog\/pt\/wp-json\/wp\/v2\/users\/16"}],"replies":[{"embeddable":true,"href":"https:\/\/www.funiber.blog\/pt\/wp-json\/wp\/v2\/comments?post=8946"}],"version-history":[{"count":3,"href":"https:\/\/www.funiber.blog\/pt\/wp-json\/wp\/v2\/posts\/8946\/revisions"}],"predecessor-version":[{"id":8950,"href":"https:\/\/www.funiber.blog\/pt\/wp-json\/wp\/v2\/posts\/8946\/revisions\/8950"}],"wp:featuredmedia":[{"embeddable":true,"href":"https:\/\/www.funiber.blog\/pt\/wp-json\/wp\/v2\/media\/8949"}],"wp:attachment":[{"href":"https:\/\/www.funiber.blog\/pt\/wp-json\/wp\/v2\/media?parent=8946"}],"wp:term":[{"taxonomy":"category","embeddable":true,"href":"https:\/\/www.funiber.blog\/pt\/wp-json\/wp\/v2\/categories?post=8946"},{"taxonomy":"post_tag","embeddable":true,"href":"https:\/\/www.funiber.blog\/pt\/wp-json\/wp\/v2\/tags?post=8946"}],"curies":[{"name":"wp","href":"https:\/\/api.w.org\/{rel}","templated":true}]}}