{"id":8975,"date":"2016-01-07T07:55:10","date_gmt":"2016-01-07T07:55:10","guid":{"rendered":"http:\/\/blogs.funiber.org\/pt\/?p=8975"},"modified":"2016-01-07T07:55:10","modified_gmt":"2016-01-07T07:55:10","slug":"funiber-dissertacao-falta-mobilidade-fragilidade-idosos-costa-rica","status":"publish","type":"post","link":"https:\/\/www.funiber.blog\/pt\/gerontologia\/2016\/01\/07\/funiber-dissertacao-falta-mobilidade-fragilidade-idosos-costa-rica","title":{"rendered":"Disserta\u00e7\u00e3o: Falta de mobilidade e fragilidade em idosos na Costa Rica"},"content":{"rendered":"<h2>Estudo revela altos n\u00edveis de dismobilidade e fragilidade em idosos em uma casa de repouso na Costa Rica<\/h2>\n<p>A fragilidade e dismobilidade s\u00e3o condi\u00e7\u00f5es que podem afetar \u00e0 maioria dos idosos. Os lares de repouso de idosos devem identificar o estado de <strong>sa\u00fade das pessoas<\/strong> que atendem e <strong>identificar as diferentes etapas de dismobilidade ou fragilidade que poderia afetar-lhes, para proporcionar uma melhor aten\u00e7\u00e3o.<\/strong> Erika Cabezas Oviedo identificou a necessidade de contar com dados sobre a presen\u00e7a de ambas as condi\u00e7\u00f5es, e decidiu apresentar \u00e0\u00a0<strong><a href=\"http:\/\/www.funiber.org.br\/\" target=\"_blank\">FUNIBER<\/a><\/strong> a Disserta\u00e7\u00e3o titulada <strong>\u201cDiagn\u00f3stico da preval\u00eancia de dismobilidade e fragilidade na popula\u00e7\u00e3o idosa do Lar Carlos Mar\u00eda Ulloa na Goicochea, S\u00e3o Jos\u00e9, Costa Rica\u201d,<\/strong> para conclus\u00e3o do <strong><a href=\"http:\/\/www.funiber.org.br\/areas-de-conhecimento\/saude-e-nutricao\/gerontologia\/mestrado-em-gerontologia-social\/\" target=\"_blank\">Mestrado em Gerontologia Social<\/a><\/strong>.<\/p>\n<p><!--more--><\/p>\n<p>A pesquisadora indica que a \u201cS\u00edndrome de imobiliza\u00e7\u00e3o\u201d ou <strong>&#8220;Dismobilidade&#8221;<\/strong> est\u00e1 catalogada como uma das <strong>\u201cGrandes s\u00edndromes geri\u00e1tricas\u201d<\/strong> e \u00e9 necess\u00e1rio contabilizar e classificar as pessoas que padecem de tal condi\u00e7\u00e3o para proporcionar-lhes melhor aten\u00e7\u00e3o. Apoiando-se na classifica\u00e7\u00e3o de distintas etapas da dismobilidade proposta pelo Dr. Dinarmarca Montecinos, e a avalia\u00e7\u00e3o de fragilidade desenvolvida pela Dra. Linda Fried, Cabezas desenvolve uma avalia\u00e7\u00e3o para conhecer o estado de sa\u00fade dos anci\u00f5es residentes no Lar Carlos Mar\u00eda Ulloa.<\/p>\n<p>Nesta Disserta\u00e7\u00e3o realiza-se uma descri\u00e7\u00e3o detalhada dos conceitos, caracter\u00edsticas, classifica\u00e7\u00f5es e crit\u00e9rios considerados para realizar o diagn\u00f3stico de falta de mobilidade e fragilidade. Cabezas explica que a dismobilidade faz refer\u00eancia \u00e0 mol\u00e9stia, dificuldade ou impossibilidade de mobilizar o corpo ou locomover-se, afetando a qualidade de vida da pessoa.<\/p>\n<p>A pesquisadora indica que a <strong>dismobilidade <\/strong>pode apresentar-se de forma <strong>aguda, quando se apresentam seus efeitos de forma abrupta<\/strong>, apresentando alta taxa de mortalidade, complica\u00e7\u00f5es e reca\u00eddas; mas tamb\u00e9m se pode padecer de dismobilidade <strong>velada, que se caracteriza por instalar-se de forma lenta no organismo,<\/strong> variando muito com o passar do tempo. Adicionalmente, deve-se considerar o tempo de evolu\u00e7\u00e3o da doen\u00e7a, pois pode ser recente ou superar um ano de evolu\u00e7\u00e3o.<\/p>\n<p>Avaliaram-se os pacientes considerando <strong>5 etapas de dismobilidade.<\/strong> Na primeira etapa consideram-se as pessoas que podem levantar-se, na etapa dois as pessoas que passam a maior parte do dia sentados, na etapa tr\u00eas \u00e0queles que apenas t\u00eam capacidade de levantar-se da cama, na etapa quatro as pessoas que se mobilizam na cama, e na etapa cinco os pacientes permanecem im\u00f3veis na cama. Cada uma destas etapas est\u00e1 associada a diversas complica\u00e7\u00f5es e doen\u00e7as que devem ser atendidas pelo pessoal do lar geri\u00e1trico.<\/p>\n<p>Ao realizar a avalia\u00e7\u00e3o para determinar a fragilidade dos indiv\u00edduos, considera-se uma perda involunt\u00e1ria da massa corporal maior a 4,5 quilogramas ou maior ou igual a 5%, uma diminui\u00e7\u00e3o da for\u00e7a de press\u00e3o manual de 20%, resist\u00eancia baixa como sinal de esgotamento, alcan\u00e7ar uma velocidade de 6 ou 7 segundos para caminhar 4,5 metros e a baixa atividade f\u00edsica. A presen\u00e7a de mais de tr\u00eas crit\u00e9rios qualifica a pessoa como fr\u00e1gil; com dois crit\u00e9rios considera-se \u201cpr\u00e9-fr\u00e1gil\u201d e com um ou nenhum se considera \u201cn\u00e3o fr\u00e1gil\u201d.<\/p>\n<p>Analisou-se o estado de sa\u00fade de <strong>174 anci\u00f5es do Lar Carlos Mar\u00eda Ulloa,<\/strong> 103 mulheres e 71 homens. Identificou-se que <strong>86.21% padeciam de algum grau de dismobilidade,<\/strong> concentrando-se <strong>a maior quantidade de idosos na etapa de dismobilidade (ETADI) 2-B (52.87%).<\/strong><\/p>\n<p>Na avalia\u00e7\u00e3o de fragilidade, a Mestranda considerou que apenas 23 adultos idosos cumpriam os crit\u00e9rios de inclus\u00e3o para avaliar a doen\u00e7a. Embora a amostra seja pequena, identificou-se que <strong>47.83% dos pacientes poderiam ser considerados em estado Fr\u00e1gil e 17.39% em estado Pr\u00e9-fr\u00e1gil,<\/strong> com 34,78% de pacientes considerados em estado n\u00e3o fr\u00e1gil.<\/p>\n<p>Para melhorar a condi\u00e7\u00e3o dos pacientes, realizam-se <strong>sess\u00f5es de fisioterapia.<\/strong> Identificou-se que 47.83% dos idosos internados no Lar assistem \u00e0s sess\u00f5es de fisioterapia, enquanto <strong>52.17% n\u00e3o compareciam \u00e0s sess\u00f5es.<\/strong><\/p>\n<p>Os resultados do estudo demonstram que mais de 86% dos idosos do Lar Carlos Mar\u00eda Ulloa padecem de dismobilidade, existindo uma rela\u00e7\u00e3o escalonada de tipo ascendente, \u201conde o <strong>grupo de menor idade (de 65 a 74 anos) apresenta Dismobilidade em 61.90%,<\/strong> seguido do grupo de <strong>75 a 84 anos com 86.20%,<\/strong> seguido pelo grupo de <strong>85 a 94 anos com 89.18%,<\/strong> e, por \u00faltimo, o grupo de <strong>95 ou mais anos que apresenta 100% de dismobilidade&#8221;.<\/strong><\/p>\n<p>A pesquisadora indica que, do grupo que apresenta dismobilidade, quase 47.82% da amostra realiza exerc\u00edcios, enquanto que do grupo que n\u00e3o apresenta dismobilidade s\u00f3 4.34% realizava exerc\u00edcios. Destes dados, interpreta-se que as sess\u00f5es de fisioterapia est\u00e3o orientadas a brindar tratamento \u00e0s pessoas com dismobilidade, mas n\u00e3o a realizar uma preven\u00e7\u00e3o.<\/p>\n<p>A presen\u00e7a de <strong>fragilidade foi identificada em 47.83% da amostra.<\/strong> Ao analisar os dados por segmentos de idade, p\u00f4de-se determinar que <strong>entre os maiores de 95 anos h\u00e1 preval\u00eancia em 66.67%,<\/strong> enquanto que o grupo de 65 a 74 anos a presen\u00e7a \u00e9 de 40%. Apresentou-se maior n\u00edvel de fragilidade entre o grupo de 75 a 84 anos, em compara\u00e7\u00e3o com o grupo de 85 a 94, o que poderia indicar que a idade poderia n\u00e3o ser um fator influenciador para padecer de fragilidade.<\/p>\n<p>Cabezas sugere realizar mais estudos e aprofundar a problem\u00e1tica identificada para dirigir os esfor\u00e7os de aten\u00e7\u00e3o aos pacientes de forma mais adequada.<\/p>\n<p>O download da Disserta\u00e7\u00e3o apresentada \u00e0 <strong>FUNIBER<\/strong> est\u00e1 dispon\u00edvel <a href=\"http:\/\/www.slideshare.net\/funiber\/funiber-erika-cabezas-diagnstico-de-la-prevalencia-de-dismovilidad-y-fragilidad-en-la-poblacind-e-adultos-mayores\" target=\"_blank\">neste link<\/a>.<\/p>\n<p>Foto: Todos os direitos reservados<\/p>\n","protected":false},"excerpt":{"rendered":"<p>Estudo revela altos n\u00edveis de dismobilidade e fragilidade em idosos em uma casa de repouso na Costa Rica A fragilidade e dismobilidade s\u00e3o condi\u00e7\u00f5es que podem afetar \u00e0 maioria dos idosos. Os lares de repouso de idosos devem identificar o estado de sa\u00fade das pessoas que atendem e identificar as diferentes etapas de dismobilidade ou [&hellip;]<\/p>\n","protected":false},"author":16,"featured_media":8977,"comment_status":"closed","ping_status":"closed","sticky":false,"template":"","format":"standard","meta":{"jetpack_post_was_ever_published":false,"_jetpack_newsletter_access":"","_jetpack_newsletter_tier_id":0,"footnotes":"","jetpack_publicize_message":"","jetpack_is_tweetstorm":false,"jetpack_publicize_feature_enabled":true,"jetpack_social_post_already_shared":false,"jetpack_social_options":{"image_generator_settings":{"template":"highway","enabled":false}}},"categories":[1],"tags":[228,1007,107,285,408,100,119,969,248,267,641,255,113],"jetpack_publicize_connections":[],"yoast_head":"<!-- This site is optimized with the Yoast SEO plugin v21.7 - https:\/\/yoast.com\/wordpress\/plugins\/seo\/ -->\n<title>Falta de mobilidade e fragilidade em idosos na Costa Rica<\/title>\n<meta name=\"description\" content=\"Estudo revela altos n\u00edveis de dismobilidade e fragilidade em idosos em uma casa de repouso na Costa Rica.\" \/>\n<meta name=\"robots\" content=\"noindex, nofollow\" \/>\n<meta property=\"og:locale\" content=\"pt_BR\" \/>\n<meta property=\"og:type\" content=\"article\" \/>\n<meta property=\"og:title\" content=\"Falta de mobilidade e fragilidade em idosos na Costa Rica\" \/>\n<meta property=\"og:description\" content=\"Estudo revela altos n\u00edveis de dismobilidade e fragilidade em idosos em uma casa de repouso na Costa Rica.\" \/>\n<meta property=\"og:url\" content=\"https:\/\/blogs.funiber.org\/pt\/gerontologia\/2016\/01\/07\/funiber-dissertacao-falta-mobilidade-fragilidade-idosos-costa-rica\" \/>\n<meta property=\"og:site_name\" content=\"FuniBlogs - FUNIBER\" \/>\n<meta property=\"article:publisher\" content=\"https:\/\/www.facebook.com\/funiber\" \/>\n<meta property=\"article:published_time\" content=\"2016-01-07T07:55:10+00:00\" \/>\n<meta property=\"og:image\" content=\"https:\/\/blogs.funiber.org\/pt\/wp-content\/uploads\/2016\/01\/funiber-fragilidade-idosos.jpg\" \/>\n\t<meta property=\"og:image:width\" content=\"576\" \/>\n\t<meta property=\"og:image:height\" content=\"384\" \/>\n\t<meta property=\"og:image:type\" content=\"image\/jpeg\" \/>\n<meta name=\"author\" content=\"Mariana Dornelles\" \/>\n<meta name=\"twitter:card\" content=\"summary_large_image\" \/>\n<meta name=\"twitter:creator\" content=\"@FUNIBER\" \/>\n<meta name=\"twitter:site\" content=\"@FUNIBER\" \/>\n<meta name=\"twitter:label1\" content=\"Escrito por\" \/>\n\t<meta name=\"twitter:data1\" content=\"Mariana Dornelles\" \/>\n\t<meta name=\"twitter:label2\" content=\"Est. tempo de leitura\" \/>\n\t<meta name=\"twitter:data2\" content=\"5 minutos\" \/>\n<script type=\"application\/ld+json\" class=\"yoast-schema-graph\">{\"@context\":\"https:\/\/schema.org\",\"@graph\":[{\"@type\":\"Article\",\"@id\":\"https:\/\/blogs.funiber.org\/pt\/gerontologia\/2016\/01\/07\/funiber-dissertacao-falta-mobilidade-fragilidade-idosos-costa-rica#article\",\"isPartOf\":{\"@id\":\"https:\/\/blogs.funiber.org\/pt\/gerontologia\/2016\/01\/07\/funiber-dissertacao-falta-mobilidade-fragilidade-idosos-costa-rica\"},\"author\":{\"name\":\"Mariana Dornelles\",\"@id\":\"https:\/\/blogs.funiber.org\/pt\/#\/schema\/person\/cebedd0aef5286687ce641276452c76d\"},\"headline\":\"Disserta\u00e7\u00e3o: Falta de mobilidade e fragilidade em idosos na Costa Rica\",\"datePublished\":\"2016-01-07T07:55:10+00:00\",\"dateModified\":\"2016-01-07T07:55:10+00:00\",\"mainEntityOfPage\":{\"@id\":\"https:\/\/blogs.funiber.org\/pt\/gerontologia\/2016\/01\/07\/funiber-dissertacao-falta-mobilidade-fragilidade-idosos-costa-rica\"},\"wordCount\":914,\"publisher\":{\"@id\":\"https:\/\/blogs.funiber.org\/pt\/#organization\"},\"keywords\":[\"Cuidados\",\"Dismobilidade\",\"Disserta\u00e7\u00e3o\",\"Educa\u00e7\u00e3o\",\"Educa\u00e7\u00e3o a Dist\u00e2ncia\",\"Envelhecimento\",\"Estudos\",\"Fragilidade\",\"Funiber\",\"Idosos\",\"Opini\u00e3o FUNIBER\",\"Opini\u00f5es Funiber\",\"Sa\u00fade\"],\"articleSection\":[\"Gerontologia\"],\"inLanguage\":\"pt-BR\"},{\"@type\":\"WebPage\",\"@id\":\"https:\/\/blogs.funiber.org\/pt\/gerontologia\/2016\/01\/07\/funiber-dissertacao-falta-mobilidade-fragilidade-idosos-costa-rica\",\"url\":\"https:\/\/blogs.funiber.org\/pt\/gerontologia\/2016\/01\/07\/funiber-dissertacao-falta-mobilidade-fragilidade-idosos-costa-rica\",\"name\":\"Falta de mobilidade e fragilidade em idosos na Costa Rica\",\"isPartOf\":{\"@id\":\"https:\/\/blogs.funiber.org\/pt\/#website\"},\"datePublished\":\"2016-01-07T07:55:10+00:00\",\"dateModified\":\"2016-01-07T07:55:10+00:00\",\"description\":\"Estudo revela altos n\u00edveis de dismobilidade e fragilidade em idosos em uma casa de repouso na Costa Rica.\",\"breadcrumb\":{\"@id\":\"https:\/\/blogs.funiber.org\/pt\/gerontologia\/2016\/01\/07\/funiber-dissertacao-falta-mobilidade-fragilidade-idosos-costa-rica#breadcrumb\"},\"inLanguage\":\"pt-BR\",\"potentialAction\":[{\"@type\":\"ReadAction\",\"target\":[\"https:\/\/blogs.funiber.org\/pt\/gerontologia\/2016\/01\/07\/funiber-dissertacao-falta-mobilidade-fragilidade-idosos-costa-rica\"]}]},{\"@type\":\"BreadcrumbList\",\"@id\":\"https:\/\/blogs.funiber.org\/pt\/gerontologia\/2016\/01\/07\/funiber-dissertacao-falta-mobilidade-fragilidade-idosos-costa-rica#breadcrumb\",\"itemListElement\":[{\"@type\":\"ListItem\",\"position\":1,\"name\":\"In\u00edcio\",\"item\":\"https:\/\/blogs.funiber.org\/pt\"},{\"@type\":\"ListItem\",\"position\":2,\"name\":\"Disserta\u00e7\u00e3o: Falta de mobilidade e fragilidade em idosos na Costa Rica\"}]},{\"@type\":\"WebSite\",\"@id\":\"https:\/\/blogs.funiber.org\/pt\/#website\",\"url\":\"https:\/\/blogs.funiber.org\/pt\/\",\"name\":\"FuniBlogs - FUNIBER\",\"description\":\"\",\"publisher\":{\"@id\":\"https:\/\/blogs.funiber.org\/pt\/#organization\"},\"potentialAction\":[{\"@type\":\"SearchAction\",\"target\":{\"@type\":\"EntryPoint\",\"urlTemplate\":\"https:\/\/blogs.funiber.org\/pt\/?s={search_term_string}\"},\"query-input\":\"required name=search_term_string\"}],\"inLanguage\":\"pt-BR\"},{\"@type\":\"Organization\",\"@id\":\"https:\/\/blogs.funiber.org\/pt\/#organization\",\"name\":\"FuniBlogs - FUNIBER\",\"url\":\"https:\/\/blogs.funiber.org\/pt\/\",\"logo\":{\"@type\":\"ImageObject\",\"inLanguage\":\"pt-BR\",\"@id\":\"https:\/\/blogs.funiber.org\/pt\/#\/schema\/logo\/image\/\",\"url\":\"https:\/\/www.funiber.blog\/pt\/wp-content\/uploads\/2022\/02\/logo-funiber-pt-br-v-dos.svg\",\"contentUrl\":\"https:\/\/www.funiber.blog\/pt\/wp-content\/uploads\/2022\/02\/logo-funiber-pt-br-v-dos.svg\",\"width\":1,\"height\":1,\"caption\":\"FuniBlogs - FUNIBER\"},\"image\":{\"@id\":\"https:\/\/blogs.funiber.org\/pt\/#\/schema\/logo\/image\/\"},\"sameAs\":[\"https:\/\/www.facebook.com\/funiber\",\"https:\/\/twitter.com\/FUNIBER\",\"https:\/\/www.instagram.com\/funiber_becas\",\"https:\/\/www.youtube.com\/user\/funiber\",\"https:\/\/www.linkedin.com\/company\/funiber\"]},{\"@type\":\"Person\",\"@id\":\"https:\/\/blogs.funiber.org\/pt\/#\/schema\/person\/cebedd0aef5286687ce641276452c76d\",\"name\":\"Mariana Dornelles\",\"image\":{\"@type\":\"ImageObject\",\"inLanguage\":\"pt-BR\",\"@id\":\"https:\/\/blogs.funiber.org\/pt\/#\/schema\/person\/image\/\",\"url\":\"https:\/\/secure.gravatar.com\/avatar\/2fbaa65ea908e82807b005c351db3c9d?s=96&d=mm&r=g\",\"contentUrl\":\"https:\/\/secure.gravatar.com\/avatar\/2fbaa65ea908e82807b005c351db3c9d?s=96&d=mm&r=g\",\"caption\":\"Mariana Dornelles\"},\"url\":\"https:\/\/www.funiber.blog\/pt\/author\/mariana-dornelles\"}]}<\/script>\n<!-- \/ Yoast SEO plugin. -->","yoast_head_json":{"title":"Falta de mobilidade e fragilidade em idosos na Costa Rica","description":"Estudo revela altos n\u00edveis de dismobilidade e fragilidade em idosos em uma casa de repouso na Costa Rica.","robots":{"index":"noindex","follow":"nofollow"},"og_locale":"pt_BR","og_type":"article","og_title":"Falta de mobilidade e fragilidade em idosos na Costa Rica","og_description":"Estudo revela altos n\u00edveis de dismobilidade e fragilidade em idosos em uma casa de repouso na Costa Rica.","og_url":"https:\/\/blogs.funiber.org\/pt\/gerontologia\/2016\/01\/07\/funiber-dissertacao-falta-mobilidade-fragilidade-idosos-costa-rica","og_site_name":"FuniBlogs - FUNIBER","article_publisher":"https:\/\/www.facebook.com\/funiber","article_published_time":"2016-01-07T07:55:10+00:00","og_image":[{"width":576,"height":384,"url":"https:\/\/blogs.funiber.org\/pt\/wp-content\/uploads\/2016\/01\/funiber-fragilidade-idosos.jpg","type":"image\/jpeg"}],"author":"Mariana Dornelles","twitter_card":"summary_large_image","twitter_creator":"@FUNIBER","twitter_site":"@FUNIBER","twitter_misc":{"Escrito por":"Mariana Dornelles","Est. tempo de leitura":"5 minutos"},"schema":{"@context":"https:\/\/schema.org","@graph":[{"@type":"Article","@id":"https:\/\/blogs.funiber.org\/pt\/gerontologia\/2016\/01\/07\/funiber-dissertacao-falta-mobilidade-fragilidade-idosos-costa-rica#article","isPartOf":{"@id":"https:\/\/blogs.funiber.org\/pt\/gerontologia\/2016\/01\/07\/funiber-dissertacao-falta-mobilidade-fragilidade-idosos-costa-rica"},"author":{"name":"Mariana Dornelles","@id":"https:\/\/blogs.funiber.org\/pt\/#\/schema\/person\/cebedd0aef5286687ce641276452c76d"},"headline":"Disserta\u00e7\u00e3o: Falta de mobilidade e fragilidade em idosos na Costa Rica","datePublished":"2016-01-07T07:55:10+00:00","dateModified":"2016-01-07T07:55:10+00:00","mainEntityOfPage":{"@id":"https:\/\/blogs.funiber.org\/pt\/gerontologia\/2016\/01\/07\/funiber-dissertacao-falta-mobilidade-fragilidade-idosos-costa-rica"},"wordCount":914,"publisher":{"@id":"https:\/\/blogs.funiber.org\/pt\/#organization"},"keywords":["Cuidados","Dismobilidade","Disserta\u00e7\u00e3o","Educa\u00e7\u00e3o","Educa\u00e7\u00e3o a Dist\u00e2ncia","Envelhecimento","Estudos","Fragilidade","Funiber","Idosos","Opini\u00e3o FUNIBER","Opini\u00f5es Funiber","Sa\u00fade"],"articleSection":["Gerontologia"],"inLanguage":"pt-BR"},{"@type":"WebPage","@id":"https:\/\/blogs.funiber.org\/pt\/gerontologia\/2016\/01\/07\/funiber-dissertacao-falta-mobilidade-fragilidade-idosos-costa-rica","url":"https:\/\/blogs.funiber.org\/pt\/gerontologia\/2016\/01\/07\/funiber-dissertacao-falta-mobilidade-fragilidade-idosos-costa-rica","name":"Falta de mobilidade e fragilidade em idosos na Costa Rica","isPartOf":{"@id":"https:\/\/blogs.funiber.org\/pt\/#website"},"datePublished":"2016-01-07T07:55:10+00:00","dateModified":"2016-01-07T07:55:10+00:00","description":"Estudo revela altos n\u00edveis de dismobilidade e fragilidade em idosos em uma casa de repouso na Costa Rica.","breadcrumb":{"@id":"https:\/\/blogs.funiber.org\/pt\/gerontologia\/2016\/01\/07\/funiber-dissertacao-falta-mobilidade-fragilidade-idosos-costa-rica#breadcrumb"},"inLanguage":"pt-BR","potentialAction":[{"@type":"ReadAction","target":["https:\/\/blogs.funiber.org\/pt\/gerontologia\/2016\/01\/07\/funiber-dissertacao-falta-mobilidade-fragilidade-idosos-costa-rica"]}]},{"@type":"BreadcrumbList","@id":"https:\/\/blogs.funiber.org\/pt\/gerontologia\/2016\/01\/07\/funiber-dissertacao-falta-mobilidade-fragilidade-idosos-costa-rica#breadcrumb","itemListElement":[{"@type":"ListItem","position":1,"name":"In\u00edcio","item":"https:\/\/blogs.funiber.org\/pt"},{"@type":"ListItem","position":2,"name":"Disserta\u00e7\u00e3o: Falta de mobilidade e fragilidade em idosos na Costa Rica"}]},{"@type":"WebSite","@id":"https:\/\/blogs.funiber.org\/pt\/#website","url":"https:\/\/blogs.funiber.org\/pt\/","name":"FuniBlogs - FUNIBER","description":"","publisher":{"@id":"https:\/\/blogs.funiber.org\/pt\/#organization"},"potentialAction":[{"@type":"SearchAction","target":{"@type":"EntryPoint","urlTemplate":"https:\/\/blogs.funiber.org\/pt\/?s={search_term_string}"},"query-input":"required name=search_term_string"}],"inLanguage":"pt-BR"},{"@type":"Organization","@id":"https:\/\/blogs.funiber.org\/pt\/#organization","name":"FuniBlogs - FUNIBER","url":"https:\/\/blogs.funiber.org\/pt\/","logo":{"@type":"ImageObject","inLanguage":"pt-BR","@id":"https:\/\/blogs.funiber.org\/pt\/#\/schema\/logo\/image\/","url":"https:\/\/www.funiber.blog\/pt\/wp-content\/uploads\/2022\/02\/logo-funiber-pt-br-v-dos.svg","contentUrl":"https:\/\/www.funiber.blog\/pt\/wp-content\/uploads\/2022\/02\/logo-funiber-pt-br-v-dos.svg","width":1,"height":1,"caption":"FuniBlogs - FUNIBER"},"image":{"@id":"https:\/\/blogs.funiber.org\/pt\/#\/schema\/logo\/image\/"},"sameAs":["https:\/\/www.facebook.com\/funiber","https:\/\/twitter.com\/FUNIBER","https:\/\/www.instagram.com\/funiber_becas","https:\/\/www.youtube.com\/user\/funiber","https:\/\/www.linkedin.com\/company\/funiber"]},{"@type":"Person","@id":"https:\/\/blogs.funiber.org\/pt\/#\/schema\/person\/cebedd0aef5286687ce641276452c76d","name":"Mariana Dornelles","image":{"@type":"ImageObject","inLanguage":"pt-BR","@id":"https:\/\/blogs.funiber.org\/pt\/#\/schema\/person\/image\/","url":"https:\/\/secure.gravatar.com\/avatar\/2fbaa65ea908e82807b005c351db3c9d?s=96&d=mm&r=g","contentUrl":"https:\/\/secure.gravatar.com\/avatar\/2fbaa65ea908e82807b005c351db3c9d?s=96&d=mm&r=g","caption":"Mariana Dornelles"},"url":"https:\/\/www.funiber.blog\/pt\/author\/mariana-dornelles"}]}},"jetpack_featured_media_url":"https:\/\/www.funiber.blog\/pt\/wp-content\/uploads\/2016\/01\/funiber-fragilidade-idosos.jpg","jetpack_shortlink":"https:\/\/wp.me\/p7ee1t-2kL","jetpack_sharing_enabled":true,"_links":{"self":[{"href":"https:\/\/www.funiber.blog\/pt\/wp-json\/wp\/v2\/posts\/8975"}],"collection":[{"href":"https:\/\/www.funiber.blog\/pt\/wp-json\/wp\/v2\/posts"}],"about":[{"href":"https:\/\/www.funiber.blog\/pt\/wp-json\/wp\/v2\/types\/post"}],"author":[{"embeddable":true,"href":"https:\/\/www.funiber.blog\/pt\/wp-json\/wp\/v2\/users\/16"}],"replies":[{"embeddable":true,"href":"https:\/\/www.funiber.blog\/pt\/wp-json\/wp\/v2\/comments?post=8975"}],"version-history":[{"count":3,"href":"https:\/\/www.funiber.blog\/pt\/wp-json\/wp\/v2\/posts\/8975\/revisions"}],"predecessor-version":[{"id":8979,"href":"https:\/\/www.funiber.blog\/pt\/wp-json\/wp\/v2\/posts\/8975\/revisions\/8979"}],"wp:featuredmedia":[{"embeddable":true,"href":"https:\/\/www.funiber.blog\/pt\/wp-json\/wp\/v2\/media\/8977"}],"wp:attachment":[{"href":"https:\/\/www.funiber.blog\/pt\/wp-json\/wp\/v2\/media?parent=8975"}],"wp:term":[{"taxonomy":"category","embeddable":true,"href":"https:\/\/www.funiber.blog\/pt\/wp-json\/wp\/v2\/categories?post=8975"},{"taxonomy":"post_tag","embeddable":true,"href":"https:\/\/www.funiber.blog\/pt\/wp-json\/wp\/v2\/tags?post=8975"}],"curies":[{"name":"wp","href":"https:\/\/api.w.org\/{rel}","templated":true}]}}