{"id":9027,"date":"2016-01-11T12:25:20","date_gmt":"2016-01-11T12:25:20","guid":{"rendered":"http:\/\/blogs.funiber.org\/pt\/?p=9027"},"modified":"2016-01-11T12:25:20","modified_gmt":"2016-01-11T12:25:20","slug":"funiber-educacao-era-antropoceno","status":"publish","type":"post","link":"https:\/\/www.funiber.blog\/pt\/formacao-professores\/2016\/01\/11\/funiber-educacao-era-antropoceno","title":{"rendered":"A Educa\u00e7\u00e3o na era do Antropoceno"},"content":{"rendered":"<h2>Congresso Internacional no Canad\u00e1 debater\u00e1 a Educa\u00e7\u00e3o e o Aprendizado nessa nova era geol\u00f3gica<\/h2>\n<p>Alguns especialistas dizem que o mundo entrou em <strong>uma nova era geol\u00f3gica chamada <a href=\"http:\/\/www.bbc.com\/portuguese\/noticias\/2016\/01\/160108_antropoceno_cientistas_ja_cc\" target=\"_blank\">Antropoceno<\/a>,<\/strong> em que os impactos do dom\u00ednio dos seres humanos sobre a Terra deixar\u00e1 marcas vis\u00edveis em sedimentos e rochas daqui a milh\u00f5es de anos. Trata-se, no entanto, de uma mudan\u00e7a que ainda precisa ser corroborada por estudos cient\u00edficos, mas diversos especialistas est\u00e3o trabalhando para elaborar uma classifica\u00e7\u00e3o formal da nova \u00e9poca, que <strong>d\u00e1 \u00e0 presen\u00e7a humana uma posi\u00e7\u00e3o mais central na hist\u00f3ria geol\u00f3gica do planeta.<\/strong><\/p>\n<p><!--more--><\/p>\n<p>Para discutir o papel da educa\u00e7\u00e3o nesta nova era, a <a href=\"http:\/\/sobrelaeducacion.com\/sobre-la-comunidad\" target=\"_blank\">Comunidade de Educa\u00e7\u00e3o e Aprendizado<\/a> realizar\u00e1, entre os dias 13 e 15 de julho de 2016, o <strong><a href=\"http:\/\/sobrelaeducacion.com\/congreso\" target=\"_blank\">Congresso Internacional de Educa\u00e7\u00e3o e Aprendizado<\/a><\/strong> na University of British Columbia de Vancouver (Canad\u00e1), com o tema central <strong><em>A Educa\u00e7\u00e3o na era do Antropoceno<\/em><\/strong>.<\/p>\n<p>O Congresso \u2013 dirigido a educadores, respons\u00e1veis pol\u00edticos, administradores p\u00fablicos, pesquisadores e outros profissionais da educa\u00e7\u00e3o \u2013 pretende ser um <strong>lugar de reflex\u00e3o cr\u00edtica, em que se fomente a pesquisa, se promova o di\u00e1logo e se construa um conjunto de conhecimentos sobre a natureza e o futuro do aprendizado.<\/strong><\/p>\n<p>Al\u00e9m do tema em destaque, ser\u00e3o discutidos tamb\u00e9m os seguintes t\u00f3picos:<\/p>\n<p>&#8211; Pedagogia e conhecimento<\/p>\n<p>&#8211; Avalia\u00e7\u00e3o e medi\u00e7\u00e3o da qualidade educativa<\/p>\n<p>&#8211; Organiza\u00e7\u00e3o educativa e lideran\u00e7a<\/p>\n<p>&#8211; Educa\u00e7\u00e3o pr\u00e9-escolar e infantil<\/p>\n<p>&#8211; O aprendizado na educa\u00e7\u00e3o superior<\/p>\n<p>&#8211; Adulto, comunidade e aprendizagem profissional<\/p>\n<p>&#8211; Diversidade e identidades em sala<\/p>\n<p>&#8211; A tecnologia na educa\u00e7\u00e3o<\/p>\n<p>&#8211; Alfabetiza\u00e7\u00e3o e aprendizagem de outros idiomas<\/p>\n<p>&#8211; Aprendizagem de ci\u00eancias, matem\u00e1tica e tecnologia<\/p>\n<p>Os participantes que enviarem<strong> propostas de trabalho<\/strong>, mesmo que n\u00e3o possam apresent\u00e1-los durante o Congresso, ter\u00e3o a oportunidade de public\u00e1-lo na <a href=\"http:\/\/sobrelaeducacion.com\/publicaciones\/revista\/sobre-la-revista\" target=\"_blank\">Revista Internacional de Educa\u00e7\u00e3o e Aprendizado<\/a>. A <a href=\"http:\/\/sobrelaeducacion.com\/envio-de-propuestas\/propuestas-para-el-congreso\" target=\"_blank\">inscri\u00e7\u00e3o de trabalhos<\/a> pode ser feita <strong>at\u00e9 o dia 13 de janeiro.<\/strong><\/p>\n<p>Para aqueles que n\u00e3o podem participar do Congresso de forma presencial, <strong>\u00e9 poss\u00edvel participar de forma virtual<\/strong>, enviado um v\u00eddeo ou uma apresenta\u00e7\u00e3o de <em>slides<\/em> com voz em off.<\/p>\n<p>Pensar sobre o papel da educa\u00e7\u00e3o em novos contextos, como o do Antropoceno, \u00e9 fundamental para que os profissionais da educa\u00e7\u00e3o se mantenham sempre atualizados e avaliem o seu papel na forma\u00e7\u00e3o de valores dos educandos. Por isso, os alunos da <strong><a href=\"http:\/\/www.funiber.org.br\/areas-de-conhecimento\/formacao-de-professores\/\" target=\"_blank\">\u00c1rea de Forma\u00e7\u00e3o de Professores<\/a><\/strong> da <strong><a href=\"http:\/\/www.funiber.org.br\/\" target=\"_blank\">FUNIBER<\/a><\/strong> t\u00eam a oportunidade de adquirir conhecimentos e desenvolver compet\u00eancias que lhes permitam atuar de maneira consciente em um contexto educativo altamente cambiante.<\/p>\n<p>Fonte:\u00a0 <a href=\"http:\/\/fnbr.es\/23r\" target=\"_blank\">http:\/\/fnbr.es\/23r<\/a>,\u00a0<a href=\"http:\/\/fnbr.es\/240\" target=\"_blank\">http:\/\/fnbr.es\/240<\/a><\/p>\n<p>Foto: Todos os direitos reservados<\/p>\n","protected":false},"excerpt":{"rendered":"<p>Congresso Internacional no Canad\u00e1 debater\u00e1 a Educa\u00e7\u00e3o e o Aprendizado nessa nova era geol\u00f3gica Alguns especialistas dizem que o mundo entrou em uma nova era geol\u00f3gica chamada Antropoceno, em que os impactos do dom\u00ednio dos seres humanos sobre a Terra deixar\u00e1 marcas vis\u00edveis em sedimentos e rochas daqui a milh\u00f5es de anos. Trata-se, no entanto, [&hellip;]<\/p>\n","protected":false},"author":16,"featured_media":9030,"comment_status":"closed","ping_status":"closed","sticky":false,"template":"","format":"standard","meta":{"jetpack_post_was_ever_published":false,"_jetpack_newsletter_access":"","_jetpack_newsletter_tier_id":0,"footnotes":"","jetpack_publicize_message":"","jetpack_is_tweetstorm":false,"jetpack_publicize_feature_enabled":true,"jetpack_social_post_already_shared":false,"jetpack_social_options":{"image_generator_settings":{"template":"highway","enabled":false}}},"categories":[5],"tags":[1018,24,251,1019,285,408,686,248,911,641,255],"jetpack_publicize_connections":[],"yoast_head":"<!-- This site is optimized with the Yoast SEO plugin v21.7 - https:\/\/yoast.com\/wordpress\/plugins\/seo\/ -->\n<title>A Educa\u00e7\u00e3o na era do Antropoceno<\/title>\n<meta name=\"description\" content=\"Congresso Internacional no Canad\u00e1 debater\u00e1 a Educa\u00e7\u00e3o e o Aprendizado no Antropoceno, a nova era geol\u00f3gica.\" \/>\n<meta name=\"robots\" content=\"index, follow, max-snippet:-1, max-image-preview:large, max-video-preview:-1\" \/>\n<link rel=\"canonical\" href=\"https:\/\/blogs.funiber.org\/pt\/formacao-professores\/2016\/01\/11\/funiber-educacao-era-antropoceno\" \/>\n<meta property=\"og:locale\" content=\"pt_BR\" \/>\n<meta property=\"og:type\" content=\"article\" \/>\n<meta property=\"og:title\" content=\"A Educa\u00e7\u00e3o na era do Antropoceno\" \/>\n<meta property=\"og:description\" content=\"Congresso Internacional no Canad\u00e1 debater\u00e1 a Educa\u00e7\u00e3o e o Aprendizado no Antropoceno, a nova era geol\u00f3gica.\" \/>\n<meta property=\"og:url\" content=\"https:\/\/blogs.funiber.org\/pt\/formacao-professores\/2016\/01\/11\/funiber-educacao-era-antropoceno\" \/>\n<meta property=\"og:site_name\" content=\"FuniBlogs - FUNIBER\" \/>\n<meta property=\"article:publisher\" content=\"https:\/\/www.facebook.com\/funiber\" \/>\n<meta property=\"article:published_time\" content=\"2016-01-11T12:25:20+00:00\" \/>\n<meta property=\"og:image\" content=\"https:\/\/blogs.funiber.org\/pt\/wp-content\/uploads\/2016\/01\/iStock_000053793616_pequena.jpg\" \/>\n\t<meta property=\"og:image:width\" content=\"640\" \/>\n\t<meta property=\"og:image:height\" content=\"427\" \/>\n\t<meta property=\"og:image:type\" content=\"image\/jpeg\" \/>\n<meta name=\"author\" content=\"Mariana Dornelles\" \/>\n<meta name=\"twitter:card\" content=\"summary_large_image\" \/>\n<meta name=\"twitter:creator\" content=\"@FUNIBER\" \/>\n<meta name=\"twitter:site\" content=\"@FUNIBER\" \/>\n<meta name=\"twitter:label1\" content=\"Escrito por\" \/>\n\t<meta name=\"twitter:data1\" content=\"Mariana Dornelles\" \/>\n\t<meta name=\"twitter:label2\" content=\"Est. tempo de leitura\" \/>\n\t<meta name=\"twitter:data2\" content=\"2 minutos\" \/>\n<script type=\"application\/ld+json\" class=\"yoast-schema-graph\">{\"@context\":\"https:\/\/schema.org\",\"@graph\":[{\"@type\":\"Article\",\"@id\":\"https:\/\/blogs.funiber.org\/pt\/formacao-professores\/2016\/01\/11\/funiber-educacao-era-antropoceno#article\",\"isPartOf\":{\"@id\":\"https:\/\/blogs.funiber.org\/pt\/formacao-professores\/2016\/01\/11\/funiber-educacao-era-antropoceno\"},\"author\":{\"name\":\"Mariana Dornelles\",\"@id\":\"https:\/\/blogs.funiber.org\/pt\/#\/schema\/person\/cebedd0aef5286687ce641276452c76d\"},\"headline\":\"A Educa\u00e7\u00e3o na era do Antropoceno\",\"datePublished\":\"2016-01-11T12:25:20+00:00\",\"dateModified\":\"2016-01-11T12:25:20+00:00\",\"mainEntityOfPage\":{\"@id\":\"https:\/\/blogs.funiber.org\/pt\/formacao-professores\/2016\/01\/11\/funiber-educacao-era-antropoceno\"},\"wordCount\":468,\"publisher\":{\"@id\":\"https:\/\/blogs.funiber.org\/pt\/#organization\"},\"keywords\":[\"Antropoceno\",\"aprendizado\",\"Congresso\",\"Congresso Internacional de Educa\u00e7\u00e3o e Aprendizado\",\"Educa\u00e7\u00e3o\",\"Educa\u00e7\u00e3o a Dist\u00e2ncia\",\"Forma\u00e7\u00e3o de Professores\",\"Funiber\",\"FUNIBER Opini\u00f5es\",\"Opini\u00e3o FUNIBER\",\"Opini\u00f5es Funiber\"],\"articleSection\":[\"Educa\u00e7\u00e3o,\u00a0Forma\u00e7\u00e3o Professores\"],\"inLanguage\":\"pt-BR\"},{\"@type\":\"WebPage\",\"@id\":\"https:\/\/blogs.funiber.org\/pt\/formacao-professores\/2016\/01\/11\/funiber-educacao-era-antropoceno\",\"url\":\"https:\/\/blogs.funiber.org\/pt\/formacao-professores\/2016\/01\/11\/funiber-educacao-era-antropoceno\",\"name\":\"A Educa\u00e7\u00e3o na era do Antropoceno\",\"isPartOf\":{\"@id\":\"https:\/\/blogs.funiber.org\/pt\/#website\"},\"datePublished\":\"2016-01-11T12:25:20+00:00\",\"dateModified\":\"2016-01-11T12:25:20+00:00\",\"description\":\"Congresso Internacional no Canad\u00e1 debater\u00e1 a Educa\u00e7\u00e3o e o Aprendizado no Antropoceno, a nova era geol\u00f3gica.\",\"breadcrumb\":{\"@id\":\"https:\/\/blogs.funiber.org\/pt\/formacao-professores\/2016\/01\/11\/funiber-educacao-era-antropoceno#breadcrumb\"},\"inLanguage\":\"pt-BR\",\"potentialAction\":[{\"@type\":\"ReadAction\",\"target\":[\"https:\/\/blogs.funiber.org\/pt\/formacao-professores\/2016\/01\/11\/funiber-educacao-era-antropoceno\"]}]},{\"@type\":\"BreadcrumbList\",\"@id\":\"https:\/\/blogs.funiber.org\/pt\/formacao-professores\/2016\/01\/11\/funiber-educacao-era-antropoceno#breadcrumb\",\"itemListElement\":[{\"@type\":\"ListItem\",\"position\":1,\"name\":\"In\u00edcio\",\"item\":\"https:\/\/blogs.funiber.org\/pt\"},{\"@type\":\"ListItem\",\"position\":2,\"name\":\"A Educa\u00e7\u00e3o na era do Antropoceno\"}]},{\"@type\":\"WebSite\",\"@id\":\"https:\/\/blogs.funiber.org\/pt\/#website\",\"url\":\"https:\/\/blogs.funiber.org\/pt\/\",\"name\":\"FuniBlogs - FUNIBER\",\"description\":\"\",\"publisher\":{\"@id\":\"https:\/\/blogs.funiber.org\/pt\/#organization\"},\"potentialAction\":[{\"@type\":\"SearchAction\",\"target\":{\"@type\":\"EntryPoint\",\"urlTemplate\":\"https:\/\/blogs.funiber.org\/pt\/?s={search_term_string}\"},\"query-input\":\"required name=search_term_string\"}],\"inLanguage\":\"pt-BR\"},{\"@type\":\"Organization\",\"@id\":\"https:\/\/blogs.funiber.org\/pt\/#organization\",\"name\":\"FuniBlogs - FUNIBER\",\"url\":\"https:\/\/blogs.funiber.org\/pt\/\",\"logo\":{\"@type\":\"ImageObject\",\"inLanguage\":\"pt-BR\",\"@id\":\"https:\/\/blogs.funiber.org\/pt\/#\/schema\/logo\/image\/\",\"url\":\"https:\/\/www.funiber.blog\/pt\/wp-content\/uploads\/2022\/02\/logo-funiber-pt-br-v-dos.svg\",\"contentUrl\":\"https:\/\/www.funiber.blog\/pt\/wp-content\/uploads\/2022\/02\/logo-funiber-pt-br-v-dos.svg\",\"width\":1,\"height\":1,\"caption\":\"FuniBlogs - FUNIBER\"},\"image\":{\"@id\":\"https:\/\/blogs.funiber.org\/pt\/#\/schema\/logo\/image\/\"},\"sameAs\":[\"https:\/\/www.facebook.com\/funiber\",\"https:\/\/twitter.com\/FUNIBER\",\"https:\/\/www.instagram.com\/funiber_becas\",\"https:\/\/www.youtube.com\/user\/funiber\",\"https:\/\/www.linkedin.com\/company\/funiber\"]},{\"@type\":\"Person\",\"@id\":\"https:\/\/blogs.funiber.org\/pt\/#\/schema\/person\/cebedd0aef5286687ce641276452c76d\",\"name\":\"Mariana Dornelles\",\"image\":{\"@type\":\"ImageObject\",\"inLanguage\":\"pt-BR\",\"@id\":\"https:\/\/blogs.funiber.org\/pt\/#\/schema\/person\/image\/\",\"url\":\"https:\/\/secure.gravatar.com\/avatar\/2fbaa65ea908e82807b005c351db3c9d?s=96&d=mm&r=g\",\"contentUrl\":\"https:\/\/secure.gravatar.com\/avatar\/2fbaa65ea908e82807b005c351db3c9d?s=96&d=mm&r=g\",\"caption\":\"Mariana Dornelles\"},\"url\":\"https:\/\/www.funiber.blog\/pt\/author\/mariana-dornelles\"}]}<\/script>\n<!-- \/ Yoast SEO plugin. -->","yoast_head_json":{"title":"A Educa\u00e7\u00e3o na era do Antropoceno","description":"Congresso Internacional no Canad\u00e1 debater\u00e1 a Educa\u00e7\u00e3o e o Aprendizado no Antropoceno, a nova era geol\u00f3gica.","robots":{"index":"index","follow":"follow","max-snippet":"max-snippet:-1","max-image-preview":"max-image-preview:large","max-video-preview":"max-video-preview:-1"},"canonical":"https:\/\/blogs.funiber.org\/pt\/formacao-professores\/2016\/01\/11\/funiber-educacao-era-antropoceno","og_locale":"pt_BR","og_type":"article","og_title":"A Educa\u00e7\u00e3o na era do Antropoceno","og_description":"Congresso Internacional no Canad\u00e1 debater\u00e1 a Educa\u00e7\u00e3o e o Aprendizado no Antropoceno, a nova era geol\u00f3gica.","og_url":"https:\/\/blogs.funiber.org\/pt\/formacao-professores\/2016\/01\/11\/funiber-educacao-era-antropoceno","og_site_name":"FuniBlogs - FUNIBER","article_publisher":"https:\/\/www.facebook.com\/funiber","article_published_time":"2016-01-11T12:25:20+00:00","og_image":[{"width":640,"height":427,"url":"https:\/\/blogs.funiber.org\/pt\/wp-content\/uploads\/2016\/01\/iStock_000053793616_pequena.jpg","type":"image\/jpeg"}],"author":"Mariana Dornelles","twitter_card":"summary_large_image","twitter_creator":"@FUNIBER","twitter_site":"@FUNIBER","twitter_misc":{"Escrito por":"Mariana Dornelles","Est. tempo de leitura":"2 minutos"},"schema":{"@context":"https:\/\/schema.org","@graph":[{"@type":"Article","@id":"https:\/\/blogs.funiber.org\/pt\/formacao-professores\/2016\/01\/11\/funiber-educacao-era-antropoceno#article","isPartOf":{"@id":"https:\/\/blogs.funiber.org\/pt\/formacao-professores\/2016\/01\/11\/funiber-educacao-era-antropoceno"},"author":{"name":"Mariana Dornelles","@id":"https:\/\/blogs.funiber.org\/pt\/#\/schema\/person\/cebedd0aef5286687ce641276452c76d"},"headline":"A Educa\u00e7\u00e3o na era do Antropoceno","datePublished":"2016-01-11T12:25:20+00:00","dateModified":"2016-01-11T12:25:20+00:00","mainEntityOfPage":{"@id":"https:\/\/blogs.funiber.org\/pt\/formacao-professores\/2016\/01\/11\/funiber-educacao-era-antropoceno"},"wordCount":468,"publisher":{"@id":"https:\/\/blogs.funiber.org\/pt\/#organization"},"keywords":["Antropoceno","aprendizado","Congresso","Congresso Internacional de Educa\u00e7\u00e3o e Aprendizado","Educa\u00e7\u00e3o","Educa\u00e7\u00e3o a Dist\u00e2ncia","Forma\u00e7\u00e3o de Professores","Funiber","FUNIBER Opini\u00f5es","Opini\u00e3o FUNIBER","Opini\u00f5es Funiber"],"articleSection":["Educa\u00e7\u00e3o,\u00a0Forma\u00e7\u00e3o Professores"],"inLanguage":"pt-BR"},{"@type":"WebPage","@id":"https:\/\/blogs.funiber.org\/pt\/formacao-professores\/2016\/01\/11\/funiber-educacao-era-antropoceno","url":"https:\/\/blogs.funiber.org\/pt\/formacao-professores\/2016\/01\/11\/funiber-educacao-era-antropoceno","name":"A Educa\u00e7\u00e3o na era do Antropoceno","isPartOf":{"@id":"https:\/\/blogs.funiber.org\/pt\/#website"},"datePublished":"2016-01-11T12:25:20+00:00","dateModified":"2016-01-11T12:25:20+00:00","description":"Congresso Internacional no Canad\u00e1 debater\u00e1 a Educa\u00e7\u00e3o e o Aprendizado no Antropoceno, a nova era geol\u00f3gica.","breadcrumb":{"@id":"https:\/\/blogs.funiber.org\/pt\/formacao-professores\/2016\/01\/11\/funiber-educacao-era-antropoceno#breadcrumb"},"inLanguage":"pt-BR","potentialAction":[{"@type":"ReadAction","target":["https:\/\/blogs.funiber.org\/pt\/formacao-professores\/2016\/01\/11\/funiber-educacao-era-antropoceno"]}]},{"@type":"BreadcrumbList","@id":"https:\/\/blogs.funiber.org\/pt\/formacao-professores\/2016\/01\/11\/funiber-educacao-era-antropoceno#breadcrumb","itemListElement":[{"@type":"ListItem","position":1,"name":"In\u00edcio","item":"https:\/\/blogs.funiber.org\/pt"},{"@type":"ListItem","position":2,"name":"A Educa\u00e7\u00e3o na era do Antropoceno"}]},{"@type":"WebSite","@id":"https:\/\/blogs.funiber.org\/pt\/#website","url":"https:\/\/blogs.funiber.org\/pt\/","name":"FuniBlogs - FUNIBER","description":"","publisher":{"@id":"https:\/\/blogs.funiber.org\/pt\/#organization"},"potentialAction":[{"@type":"SearchAction","target":{"@type":"EntryPoint","urlTemplate":"https:\/\/blogs.funiber.org\/pt\/?s={search_term_string}"},"query-input":"required name=search_term_string"}],"inLanguage":"pt-BR"},{"@type":"Organization","@id":"https:\/\/blogs.funiber.org\/pt\/#organization","name":"FuniBlogs - FUNIBER","url":"https:\/\/blogs.funiber.org\/pt\/","logo":{"@type":"ImageObject","inLanguage":"pt-BR","@id":"https:\/\/blogs.funiber.org\/pt\/#\/schema\/logo\/image\/","url":"https:\/\/www.funiber.blog\/pt\/wp-content\/uploads\/2022\/02\/logo-funiber-pt-br-v-dos.svg","contentUrl":"https:\/\/www.funiber.blog\/pt\/wp-content\/uploads\/2022\/02\/logo-funiber-pt-br-v-dos.svg","width":1,"height":1,"caption":"FuniBlogs - FUNIBER"},"image":{"@id":"https:\/\/blogs.funiber.org\/pt\/#\/schema\/logo\/image\/"},"sameAs":["https:\/\/www.facebook.com\/funiber","https:\/\/twitter.com\/FUNIBER","https:\/\/www.instagram.com\/funiber_becas","https:\/\/www.youtube.com\/user\/funiber","https:\/\/www.linkedin.com\/company\/funiber"]},{"@type":"Person","@id":"https:\/\/blogs.funiber.org\/pt\/#\/schema\/person\/cebedd0aef5286687ce641276452c76d","name":"Mariana Dornelles","image":{"@type":"ImageObject","inLanguage":"pt-BR","@id":"https:\/\/blogs.funiber.org\/pt\/#\/schema\/person\/image\/","url":"https:\/\/secure.gravatar.com\/avatar\/2fbaa65ea908e82807b005c351db3c9d?s=96&d=mm&r=g","contentUrl":"https:\/\/secure.gravatar.com\/avatar\/2fbaa65ea908e82807b005c351db3c9d?s=96&d=mm&r=g","caption":"Mariana Dornelles"},"url":"https:\/\/www.funiber.blog\/pt\/author\/mariana-dornelles"}]}},"jetpack_featured_media_url":"https:\/\/www.funiber.blog\/pt\/wp-content\/uploads\/2016\/01\/iStock_000053793616_pequena.jpg","jetpack_shortlink":"https:\/\/wp.me\/p7ee1t-2lB","jetpack_sharing_enabled":true,"_links":{"self":[{"href":"https:\/\/www.funiber.blog\/pt\/wp-json\/wp\/v2\/posts\/9027"}],"collection":[{"href":"https:\/\/www.funiber.blog\/pt\/wp-json\/wp\/v2\/posts"}],"about":[{"href":"https:\/\/www.funiber.blog\/pt\/wp-json\/wp\/v2\/types\/post"}],"author":[{"embeddable":true,"href":"https:\/\/www.funiber.blog\/pt\/wp-json\/wp\/v2\/users\/16"}],"replies":[{"embeddable":true,"href":"https:\/\/www.funiber.blog\/pt\/wp-json\/wp\/v2\/comments?post=9027"}],"version-history":[{"count":3,"href":"https:\/\/www.funiber.blog\/pt\/wp-json\/wp\/v2\/posts\/9027\/revisions"}],"predecessor-version":[{"id":9031,"href":"https:\/\/www.funiber.blog\/pt\/wp-json\/wp\/v2\/posts\/9027\/revisions\/9031"}],"wp:featuredmedia":[{"embeddable":true,"href":"https:\/\/www.funiber.blog\/pt\/wp-json\/wp\/v2\/media\/9030"}],"wp:attachment":[{"href":"https:\/\/www.funiber.blog\/pt\/wp-json\/wp\/v2\/media?parent=9027"}],"wp:term":[{"taxonomy":"category","embeddable":true,"href":"https:\/\/www.funiber.blog\/pt\/wp-json\/wp\/v2\/categories?post=9027"},{"taxonomy":"post_tag","embeddable":true,"href":"https:\/\/www.funiber.blog\/pt\/wp-json\/wp\/v2\/tags?post=9027"}],"curies":[{"name":"wp","href":"https:\/\/api.w.org\/{rel}","templated":true}]}}