{"id":9132,"date":"2016-01-15T15:02:55","date_gmt":"2016-01-15T15:02:55","guid":{"rendered":"http:\/\/blogs.funiber.org\/pt\/?p=9132"},"modified":"2016-01-15T15:02:55","modified_gmt":"2016-01-15T15:02:55","slug":"funiber-idosos-margem-iniquidade-exclusao-guatemala","status":"publish","type":"post","link":"https:\/\/www.funiber.blog\/pt\/gerontologia\/2016\/01\/15\/funiber-idosos-margem-iniquidade-exclusao-guatemala","title":{"rendered":"Idosos \u00e0 margem da iniquidade e exclus\u00e3o na Guatemala"},"content":{"rendered":"<h2>\u00c9 necess\u00e1rio dar maior apoio aos idosos para construir uma sociedade mais justa<\/h2>\n<p>As pessoas da terceira idade sofrem com a <strong>marginaliza\u00e7\u00e3o da sociedade, n\u00e3o apenas em espa\u00e7os p\u00fablicos, mas tamb\u00e9m em seus pr\u00f3prios lares<\/strong>. A popula\u00e7\u00e3o idosa requer que o governo estabele\u00e7a um conjunto de leis para proteg\u00ea-los e proporcionar tranquilidade. A defensora dos idosos da Procuradoria dos Direitos Humanos (PDH) da Guatemala, Teresa Maldonado, comentou sobre as dificuldades que pessoas da terceira idade enfrentam em seu pa\u00eds, e a situa\u00e7\u00e3o legal que ampara esse grupo da popula\u00e7\u00e3o.<\/p>\n<p><!--more--><\/p>\n<p>Maldonado indica que, na Guatemala, um milh\u00e3o e duzentas mil pessoas podem ter acesso a uma aposentadoria, e desse grupo, <strong>apenas 16% poderia ter acesso a uma pens\u00e3o de aposentadoria<\/strong>, os demais teriam que procurar programas de ajuda social oferecidos pelo Minist\u00e9rio de Trabalho e Previd\u00eancia Social. Mas, neste momento, \u00e9 dif\u00edcil ter acesso a estes programas; e, inclusive, em alguns casos, \u00e9 necess\u00e1rio esperar que algu\u00e9m fale\u00e7a para conseguir a ajuda do Estado.<\/p>\n<p>No contexto trabalhista podem surgir dificuldades, pois se pode pensar que pessoas com mais de 60 anos n\u00e3o poderiam realizar seu trabalho, mas o Decreto 90-86 indica que, na Guatemala, <strong>n\u00e3o se pode obrigar uma pessoa a deixar seu posto de trabalho devido a sua idade.<\/strong> Nestes casos, n\u00e3o se trata unicamente de ter normas estabelecidas, mas sim dos cidad\u00e3os tamb\u00e9m conhecerem seus direitos para defender-se frente aos abusos que possam enfrentar.<\/p>\n<p>A popula\u00e7\u00e3o de idosos est\u00e1 crescendo mundialmente e os governos deveriam desenvolver pol\u00edticas para proteger esse segmento da popula\u00e7\u00e3o. De acordo com Maldonado, \u201c<strong>na Guatemala, n\u00e3o se conta com uma pol\u00edtica p\u00fablica espec\u00edfica para este grupo populacional<\/strong>, e isto \u00e9 uma grande debilidade\u201d. A especialista indica que ainda que os governos tenham executado alguns programas de ajuda, n\u00e3o se consegue solucionar o problema principal; e, embora tenha-se estabelecido o Comit\u00ea de Amparo \u00e0 Velhice, este <strong>nunca funcionou, pois n\u00e3o se atribuiu um or\u00e7amento espec\u00edfico<\/strong>.<\/p>\n<p>No \u00e2mbito dos lares geri\u00e1tricos, o governo da Guatemala estabeleceu como entidade principal o Minist\u00e9rio da Sa\u00fade, que determinou os mecanismos para licenciar novos locais, mas n\u00e3o se habilitaram mais de dois lares geri\u00e1tricos a cargo do Estado em todo o pa\u00eds. Maldonado indica que a maioria dos lares \u00e9 de origem privada e existem alguns outros que afirmam receber doa\u00e7\u00f5es.<\/p>\n<p>Em rela\u00e7\u00e3o \u00e0s pessoas da terceira idade, a executiva reconhece que tamb\u00e9m h\u00e1 algumas debilidades, porque <strong>n\u00e3o existe uma organiza\u00e7\u00e3o que agrupe os idosos<\/strong> e se encarregue de proteger seus interesses.<\/p>\n<p>Os estudantes da <strong><a href=\"http:\/\/www.funiber.org.br\/areas-de-conhecimento\/saude-e-nutricao\/gerontologia\/\" target=\"_blank\">\u00c1rea de Gerontologia<\/a><\/strong>\u00a0da\u00a0<strong><a href=\"http:\/\/www.funiber.org.br\/\" target=\"_blank\">FUNIBER<\/a>\u00a0<\/strong>recebem a forma\u00e7\u00e3o que lhes permite proporcionar uma excelente aten\u00e7\u00e3o aos idosos, considerando todas as caracter\u00edsticas pr\u00f3prias de sua idade.<\/p>\n<p>Fonte:\u00a0<a href=\"http:\/\/fnbr.es\/25f\" target=\"_blank\">http:\/\/fnbr.es\/25f<\/a><\/p>\n<p>Fotografia: Todos os direitos reservados<\/p>\n","protected":false},"excerpt":{"rendered":"<p>\u00c9 necess\u00e1rio dar maior apoio aos idosos para construir uma sociedade mais justa As pessoas da terceira idade sofrem com a marginaliza\u00e7\u00e3o da sociedade, n\u00e3o apenas em espa\u00e7os p\u00fablicos, mas tamb\u00e9m em seus pr\u00f3prios lares. A popula\u00e7\u00e3o idosa requer que o governo estabele\u00e7a um conjunto de leis para proteg\u00ea-los e proporcionar tranquilidade. A defensora dos [&hellip;]<\/p>\n","protected":false},"author":16,"featured_media":9134,"comment_status":"closed","ping_status":"closed","sticky":false,"template":"","format":"standard","meta":{"jetpack_post_was_ever_published":false,"_jetpack_newsletter_access":"","_jetpack_newsletter_tier_id":0,"footnotes":"","jetpack_publicize_message":"","jetpack_is_tweetstorm":false,"jetpack_publicize_feature_enabled":true,"jetpack_social_post_already_shared":false,"jetpack_social_options":{"image_generator_settings":{"template":"highway","enabled":false}}},"categories":[1],"tags":[1037,228,285,408,100,248,911,739,1036,267,641,255,113],"jetpack_publicize_connections":[],"yoast_head":"<!-- This site is optimized with the Yoast SEO plugin v21.7 - https:\/\/yoast.com\/wordpress\/plugins\/seo\/ -->\n<title>Idosos \u00e0 margem da iniquidade e exclus\u00e3o na Guatemala<\/title>\n<meta name=\"description\" content=\"Muitos idosos encontram-se \u00e0 margem da iniquidade e exclus\u00e3o na Guatemala.\" \/>\n<meta name=\"robots\" content=\"index, follow, max-snippet:-1, max-image-preview:large, max-video-preview:-1\" \/>\n<link rel=\"canonical\" href=\"https:\/\/blogs.funiber.org\/pt\/gerontologia\/2016\/01\/15\/funiber-idosos-margem-iniquidade-exclusao-guatemala\" \/>\n<meta property=\"og:locale\" content=\"pt_BR\" \/>\n<meta property=\"og:type\" content=\"article\" \/>\n<meta property=\"og:title\" content=\"Idosos \u00e0 margem da iniquidade e exclus\u00e3o na Guatemala\" \/>\n<meta property=\"og:description\" content=\"Muitos idosos encontram-se \u00e0 margem da iniquidade e exclus\u00e3o na Guatemala.\" \/>\n<meta property=\"og:url\" content=\"https:\/\/blogs.funiber.org\/pt\/gerontologia\/2016\/01\/15\/funiber-idosos-margem-iniquidade-exclusao-guatemala\" \/>\n<meta property=\"og:site_name\" content=\"FuniBlogs - FUNIBER\" \/>\n<meta property=\"article:publisher\" content=\"https:\/\/www.facebook.com\/funiber\" \/>\n<meta property=\"article:published_time\" content=\"2016-01-15T15:02:55+00:00\" \/>\n<meta property=\"og:image\" content=\"https:\/\/blogs.funiber.org\/pt\/wp-content\/uploads\/2016\/01\/funiber-idosos-guatemala.jpg\" \/>\n\t<meta property=\"og:image:width\" content=\"640\" \/>\n\t<meta property=\"og:image:height\" content=\"427\" \/>\n\t<meta property=\"og:image:type\" content=\"image\/jpeg\" \/>\n<meta name=\"author\" content=\"Mariana Dornelles\" \/>\n<meta name=\"twitter:card\" content=\"summary_large_image\" \/>\n<meta name=\"twitter:creator\" content=\"@FUNIBER\" \/>\n<meta name=\"twitter:site\" content=\"@FUNIBER\" \/>\n<meta name=\"twitter:label1\" content=\"Escrito por\" \/>\n\t<meta name=\"twitter:data1\" content=\"Mariana Dornelles\" \/>\n\t<meta name=\"twitter:label2\" content=\"Est. tempo de leitura\" \/>\n\t<meta name=\"twitter:data2\" content=\"2 minutos\" \/>\n<script type=\"application\/ld+json\" class=\"yoast-schema-graph\">{\"@context\":\"https:\/\/schema.org\",\"@graph\":[{\"@type\":\"Article\",\"@id\":\"https:\/\/blogs.funiber.org\/pt\/gerontologia\/2016\/01\/15\/funiber-idosos-margem-iniquidade-exclusao-guatemala#article\",\"isPartOf\":{\"@id\":\"https:\/\/blogs.funiber.org\/pt\/gerontologia\/2016\/01\/15\/funiber-idosos-margem-iniquidade-exclusao-guatemala\"},\"author\":{\"name\":\"Mariana Dornelles\",\"@id\":\"https:\/\/blogs.funiber.org\/pt\/#\/schema\/person\/cebedd0aef5286687ce641276452c76d\"},\"headline\":\"Idosos \u00e0 margem da iniquidade e exclus\u00e3o na Guatemala\",\"datePublished\":\"2016-01-15T15:02:55+00:00\",\"dateModified\":\"2016-01-15T15:02:55+00:00\",\"mainEntityOfPage\":{\"@id\":\"https:\/\/blogs.funiber.org\/pt\/gerontologia\/2016\/01\/15\/funiber-idosos-margem-iniquidade-exclusao-guatemala\"},\"wordCount\":502,\"publisher\":{\"@id\":\"https:\/\/blogs.funiber.org\/pt\/#organization\"},\"keywords\":[\"Aposentadoria\",\"Cuidados\",\"Educa\u00e7\u00e3o\",\"Educa\u00e7\u00e3o a Dist\u00e2ncia\",\"Envelhecimento\",\"Funiber\",\"FUNIBER Opini\u00f5es\",\"gerontologia\",\"Guatemala\",\"Idosos\",\"Opini\u00e3o FUNIBER\",\"Opini\u00f5es Funiber\",\"Sa\u00fade\"],\"articleSection\":[\"Gerontologia\"],\"inLanguage\":\"pt-BR\"},{\"@type\":\"WebPage\",\"@id\":\"https:\/\/blogs.funiber.org\/pt\/gerontologia\/2016\/01\/15\/funiber-idosos-margem-iniquidade-exclusao-guatemala\",\"url\":\"https:\/\/blogs.funiber.org\/pt\/gerontologia\/2016\/01\/15\/funiber-idosos-margem-iniquidade-exclusao-guatemala\",\"name\":\"Idosos \u00e0 margem da iniquidade e exclus\u00e3o na Guatemala\",\"isPartOf\":{\"@id\":\"https:\/\/blogs.funiber.org\/pt\/#website\"},\"datePublished\":\"2016-01-15T15:02:55+00:00\",\"dateModified\":\"2016-01-15T15:02:55+00:00\",\"description\":\"Muitos idosos encontram-se \u00e0 margem da iniquidade e exclus\u00e3o na Guatemala.\",\"breadcrumb\":{\"@id\":\"https:\/\/blogs.funiber.org\/pt\/gerontologia\/2016\/01\/15\/funiber-idosos-margem-iniquidade-exclusao-guatemala#breadcrumb\"},\"inLanguage\":\"pt-BR\",\"potentialAction\":[{\"@type\":\"ReadAction\",\"target\":[\"https:\/\/blogs.funiber.org\/pt\/gerontologia\/2016\/01\/15\/funiber-idosos-margem-iniquidade-exclusao-guatemala\"]}]},{\"@type\":\"BreadcrumbList\",\"@id\":\"https:\/\/blogs.funiber.org\/pt\/gerontologia\/2016\/01\/15\/funiber-idosos-margem-iniquidade-exclusao-guatemala#breadcrumb\",\"itemListElement\":[{\"@type\":\"ListItem\",\"position\":1,\"name\":\"In\u00edcio\",\"item\":\"https:\/\/blogs.funiber.org\/pt\"},{\"@type\":\"ListItem\",\"position\":2,\"name\":\"Idosos \u00e0 margem da iniquidade e exclus\u00e3o na Guatemala\"}]},{\"@type\":\"WebSite\",\"@id\":\"https:\/\/blogs.funiber.org\/pt\/#website\",\"url\":\"https:\/\/blogs.funiber.org\/pt\/\",\"name\":\"FuniBlogs - FUNIBER\",\"description\":\"\",\"publisher\":{\"@id\":\"https:\/\/blogs.funiber.org\/pt\/#organization\"},\"potentialAction\":[{\"@type\":\"SearchAction\",\"target\":{\"@type\":\"EntryPoint\",\"urlTemplate\":\"https:\/\/blogs.funiber.org\/pt\/?s={search_term_string}\"},\"query-input\":\"required name=search_term_string\"}],\"inLanguage\":\"pt-BR\"},{\"@type\":\"Organization\",\"@id\":\"https:\/\/blogs.funiber.org\/pt\/#organization\",\"name\":\"FuniBlogs - FUNIBER\",\"url\":\"https:\/\/blogs.funiber.org\/pt\/\",\"logo\":{\"@type\":\"ImageObject\",\"inLanguage\":\"pt-BR\",\"@id\":\"https:\/\/blogs.funiber.org\/pt\/#\/schema\/logo\/image\/\",\"url\":\"https:\/\/www.funiber.blog\/pt\/wp-content\/uploads\/2022\/02\/logo-funiber-pt-br-v-dos.svg\",\"contentUrl\":\"https:\/\/www.funiber.blog\/pt\/wp-content\/uploads\/2022\/02\/logo-funiber-pt-br-v-dos.svg\",\"width\":1,\"height\":1,\"caption\":\"FuniBlogs - FUNIBER\"},\"image\":{\"@id\":\"https:\/\/blogs.funiber.org\/pt\/#\/schema\/logo\/image\/\"},\"sameAs\":[\"https:\/\/www.facebook.com\/funiber\",\"https:\/\/twitter.com\/FUNIBER\",\"https:\/\/www.instagram.com\/funiber_becas\",\"https:\/\/www.youtube.com\/user\/funiber\",\"https:\/\/www.linkedin.com\/company\/funiber\"]},{\"@type\":\"Person\",\"@id\":\"https:\/\/blogs.funiber.org\/pt\/#\/schema\/person\/cebedd0aef5286687ce641276452c76d\",\"name\":\"Mariana Dornelles\",\"image\":{\"@type\":\"ImageObject\",\"inLanguage\":\"pt-BR\",\"@id\":\"https:\/\/blogs.funiber.org\/pt\/#\/schema\/person\/image\/\",\"url\":\"https:\/\/secure.gravatar.com\/avatar\/2fbaa65ea908e82807b005c351db3c9d?s=96&d=mm&r=g\",\"contentUrl\":\"https:\/\/secure.gravatar.com\/avatar\/2fbaa65ea908e82807b005c351db3c9d?s=96&d=mm&r=g\",\"caption\":\"Mariana Dornelles\"},\"url\":\"https:\/\/www.funiber.blog\/pt\/author\/mariana-dornelles\"}]}<\/script>\n<!-- \/ Yoast SEO plugin. -->","yoast_head_json":{"title":"Idosos \u00e0 margem da iniquidade e exclus\u00e3o na Guatemala","description":"Muitos idosos encontram-se \u00e0 margem da iniquidade e exclus\u00e3o na Guatemala.","robots":{"index":"index","follow":"follow","max-snippet":"max-snippet:-1","max-image-preview":"max-image-preview:large","max-video-preview":"max-video-preview:-1"},"canonical":"https:\/\/blogs.funiber.org\/pt\/gerontologia\/2016\/01\/15\/funiber-idosos-margem-iniquidade-exclusao-guatemala","og_locale":"pt_BR","og_type":"article","og_title":"Idosos \u00e0 margem da iniquidade e exclus\u00e3o na Guatemala","og_description":"Muitos idosos encontram-se \u00e0 margem da iniquidade e exclus\u00e3o na Guatemala.","og_url":"https:\/\/blogs.funiber.org\/pt\/gerontologia\/2016\/01\/15\/funiber-idosos-margem-iniquidade-exclusao-guatemala","og_site_name":"FuniBlogs - FUNIBER","article_publisher":"https:\/\/www.facebook.com\/funiber","article_published_time":"2016-01-15T15:02:55+00:00","og_image":[{"width":640,"height":427,"url":"https:\/\/blogs.funiber.org\/pt\/wp-content\/uploads\/2016\/01\/funiber-idosos-guatemala.jpg","type":"image\/jpeg"}],"author":"Mariana Dornelles","twitter_card":"summary_large_image","twitter_creator":"@FUNIBER","twitter_site":"@FUNIBER","twitter_misc":{"Escrito por":"Mariana Dornelles","Est. tempo de leitura":"2 minutos"},"schema":{"@context":"https:\/\/schema.org","@graph":[{"@type":"Article","@id":"https:\/\/blogs.funiber.org\/pt\/gerontologia\/2016\/01\/15\/funiber-idosos-margem-iniquidade-exclusao-guatemala#article","isPartOf":{"@id":"https:\/\/blogs.funiber.org\/pt\/gerontologia\/2016\/01\/15\/funiber-idosos-margem-iniquidade-exclusao-guatemala"},"author":{"name":"Mariana Dornelles","@id":"https:\/\/blogs.funiber.org\/pt\/#\/schema\/person\/cebedd0aef5286687ce641276452c76d"},"headline":"Idosos \u00e0 margem da iniquidade e exclus\u00e3o na Guatemala","datePublished":"2016-01-15T15:02:55+00:00","dateModified":"2016-01-15T15:02:55+00:00","mainEntityOfPage":{"@id":"https:\/\/blogs.funiber.org\/pt\/gerontologia\/2016\/01\/15\/funiber-idosos-margem-iniquidade-exclusao-guatemala"},"wordCount":502,"publisher":{"@id":"https:\/\/blogs.funiber.org\/pt\/#organization"},"keywords":["Aposentadoria","Cuidados","Educa\u00e7\u00e3o","Educa\u00e7\u00e3o a Dist\u00e2ncia","Envelhecimento","Funiber","FUNIBER Opini\u00f5es","gerontologia","Guatemala","Idosos","Opini\u00e3o FUNIBER","Opini\u00f5es Funiber","Sa\u00fade"],"articleSection":["Gerontologia"],"inLanguage":"pt-BR"},{"@type":"WebPage","@id":"https:\/\/blogs.funiber.org\/pt\/gerontologia\/2016\/01\/15\/funiber-idosos-margem-iniquidade-exclusao-guatemala","url":"https:\/\/blogs.funiber.org\/pt\/gerontologia\/2016\/01\/15\/funiber-idosos-margem-iniquidade-exclusao-guatemala","name":"Idosos \u00e0 margem da iniquidade e exclus\u00e3o na Guatemala","isPartOf":{"@id":"https:\/\/blogs.funiber.org\/pt\/#website"},"datePublished":"2016-01-15T15:02:55+00:00","dateModified":"2016-01-15T15:02:55+00:00","description":"Muitos idosos encontram-se \u00e0 margem da iniquidade e exclus\u00e3o na Guatemala.","breadcrumb":{"@id":"https:\/\/blogs.funiber.org\/pt\/gerontologia\/2016\/01\/15\/funiber-idosos-margem-iniquidade-exclusao-guatemala#breadcrumb"},"inLanguage":"pt-BR","potentialAction":[{"@type":"ReadAction","target":["https:\/\/blogs.funiber.org\/pt\/gerontologia\/2016\/01\/15\/funiber-idosos-margem-iniquidade-exclusao-guatemala"]}]},{"@type":"BreadcrumbList","@id":"https:\/\/blogs.funiber.org\/pt\/gerontologia\/2016\/01\/15\/funiber-idosos-margem-iniquidade-exclusao-guatemala#breadcrumb","itemListElement":[{"@type":"ListItem","position":1,"name":"In\u00edcio","item":"https:\/\/blogs.funiber.org\/pt"},{"@type":"ListItem","position":2,"name":"Idosos \u00e0 margem da iniquidade e exclus\u00e3o na Guatemala"}]},{"@type":"WebSite","@id":"https:\/\/blogs.funiber.org\/pt\/#website","url":"https:\/\/blogs.funiber.org\/pt\/","name":"FuniBlogs - FUNIBER","description":"","publisher":{"@id":"https:\/\/blogs.funiber.org\/pt\/#organization"},"potentialAction":[{"@type":"SearchAction","target":{"@type":"EntryPoint","urlTemplate":"https:\/\/blogs.funiber.org\/pt\/?s={search_term_string}"},"query-input":"required name=search_term_string"}],"inLanguage":"pt-BR"},{"@type":"Organization","@id":"https:\/\/blogs.funiber.org\/pt\/#organization","name":"FuniBlogs - FUNIBER","url":"https:\/\/blogs.funiber.org\/pt\/","logo":{"@type":"ImageObject","inLanguage":"pt-BR","@id":"https:\/\/blogs.funiber.org\/pt\/#\/schema\/logo\/image\/","url":"https:\/\/www.funiber.blog\/pt\/wp-content\/uploads\/2022\/02\/logo-funiber-pt-br-v-dos.svg","contentUrl":"https:\/\/www.funiber.blog\/pt\/wp-content\/uploads\/2022\/02\/logo-funiber-pt-br-v-dos.svg","width":1,"height":1,"caption":"FuniBlogs - FUNIBER"},"image":{"@id":"https:\/\/blogs.funiber.org\/pt\/#\/schema\/logo\/image\/"},"sameAs":["https:\/\/www.facebook.com\/funiber","https:\/\/twitter.com\/FUNIBER","https:\/\/www.instagram.com\/funiber_becas","https:\/\/www.youtube.com\/user\/funiber","https:\/\/www.linkedin.com\/company\/funiber"]},{"@type":"Person","@id":"https:\/\/blogs.funiber.org\/pt\/#\/schema\/person\/cebedd0aef5286687ce641276452c76d","name":"Mariana Dornelles","image":{"@type":"ImageObject","inLanguage":"pt-BR","@id":"https:\/\/blogs.funiber.org\/pt\/#\/schema\/person\/image\/","url":"https:\/\/secure.gravatar.com\/avatar\/2fbaa65ea908e82807b005c351db3c9d?s=96&d=mm&r=g","contentUrl":"https:\/\/secure.gravatar.com\/avatar\/2fbaa65ea908e82807b005c351db3c9d?s=96&d=mm&r=g","caption":"Mariana Dornelles"},"url":"https:\/\/www.funiber.blog\/pt\/author\/mariana-dornelles"}]}},"jetpack_featured_media_url":"https:\/\/www.funiber.blog\/pt\/wp-content\/uploads\/2016\/01\/funiber-idosos-guatemala.jpg","jetpack_shortlink":"https:\/\/wp.me\/p7ee1t-2ni","jetpack_sharing_enabled":true,"_links":{"self":[{"href":"https:\/\/www.funiber.blog\/pt\/wp-json\/wp\/v2\/posts\/9132"}],"collection":[{"href":"https:\/\/www.funiber.blog\/pt\/wp-json\/wp\/v2\/posts"}],"about":[{"href":"https:\/\/www.funiber.blog\/pt\/wp-json\/wp\/v2\/types\/post"}],"author":[{"embeddable":true,"href":"https:\/\/www.funiber.blog\/pt\/wp-json\/wp\/v2\/users\/16"}],"replies":[{"embeddable":true,"href":"https:\/\/www.funiber.blog\/pt\/wp-json\/wp\/v2\/comments?post=9132"}],"version-history":[{"count":4,"href":"https:\/\/www.funiber.blog\/pt\/wp-json\/wp\/v2\/posts\/9132\/revisions"}],"predecessor-version":[{"id":9137,"href":"https:\/\/www.funiber.blog\/pt\/wp-json\/wp\/v2\/posts\/9132\/revisions\/9137"}],"wp:featuredmedia":[{"embeddable":true,"href":"https:\/\/www.funiber.blog\/pt\/wp-json\/wp\/v2\/media\/9134"}],"wp:attachment":[{"href":"https:\/\/www.funiber.blog\/pt\/wp-json\/wp\/v2\/media?parent=9132"}],"wp:term":[{"taxonomy":"category","embeddable":true,"href":"https:\/\/www.funiber.blog\/pt\/wp-json\/wp\/v2\/categories?post=9132"},{"taxonomy":"post_tag","embeddable":true,"href":"https:\/\/www.funiber.blog\/pt\/wp-json\/wp\/v2\/tags?post=9132"}],"curies":[{"name":"wp","href":"https:\/\/api.w.org\/{rel}","templated":true}]}}