{"id":9497,"date":"2016-02-25T08:27:53","date_gmt":"2016-02-25T08:27:53","guid":{"rendered":"http:\/\/blogs.funiber.org\/pt\/?p=9497"},"modified":"2016-02-26T08:37:05","modified_gmt":"2016-02-26T08:37:05","slug":"funiber-dissertacao-percepcao-envelhecimento","status":"publish","type":"post","link":"https:\/\/www.funiber.blog\/pt\/gerontologia\/2016\/02\/25\/funiber-dissertacao-percepcao-envelhecimento","title":{"rendered":"Disserta\u00e7\u00e3o: Percep\u00e7\u00e3o dos profissionais da sa\u00fade sobre o envelhecimento"},"content":{"rendered":"<p><strong>Pesquisa revela qual o impacto da percep\u00e7\u00e3o do envelhecimento para os trabalhadores nos servi\u00e7os oferecidos \u00e0s pessoas da terceira idade.<\/strong><\/p>\n<p>Tradicionalmente, tem sido considerado que as pessoas com s\u00f3lidos conhecimentos de medicina podem realizar um bom atendimento aos pacientes, entretanto, a percep\u00e7\u00e3o do m\u00e9dico ou do cuidador poderia influenciar na qualidade do servi\u00e7o? Kathya Andrea Maroto Sol\u00f3rzano, preocupada com a sa\u00fade das pessoas na terceira idade e para obter o grau de especialista em <a href=\"http:\/\/www.funiber.org.br\/areas-de-conhecimento\/saude-e-nutricao\/gerontologia\/gerontologia-social-aplicada\/\" target=\"_blank\">Gerontologia Social Aplicada<\/a>, apresentou, pela\u00a0<strong><a href=\"http:\/\/www.funiber.org.br\/\" target=\"_blank\">FUNIBER<\/a><\/strong>,\u00a0a monografia intitulada \u201cPercepci\u00f3n del envejecimiento de los profesionales de salud y su incidencia en la prestaci\u00f3n de servicios de salud, an\u00e1lisis desde el Servicio de Geriatr\u00eda del Hospital San Vicente de Pa\u00fal\u201d (Percep\u00e7\u00e3o dos profissionais da sa\u00fade sobre o envelhecimento e sua incid\u00eancia na presta\u00e7\u00e3o de servi\u00e7os de sa\u00fade, an\u00e1lise a partir do Servi\u00e7o de Geriatria do Hospital San Vicente de Pa\u00fal), em que realiza uma pesquisa que permitiria identificar os preconceitos que os profissionais da sa\u00fade possuem em rela\u00e7\u00e3o aos idosos.<!--more--><\/p>\n<p><strong>A Costa Rica \u00e9 um pa\u00eds que, como outras na\u00e7\u00f5es, est\u00e1 passando pelo envelhecimento r\u00e1pido da popula\u00e7\u00e3o<\/strong>. De acordo com os dados do Minist\u00e9rio do Planejamento Nacional e Econ\u00f4mico, em 2014, o pa\u00eds tinha uma popula\u00e7\u00e3o de 4.709.161 habitantes, do quais <strong>432.736 (9,19%) s\u00e3o pessoas acima dos 65 anos<\/strong>. O governo reconheceu o r\u00e1pido crescimento da popula\u00e7\u00e3o da terceira idade e criou servi\u00e7os de geriatria, em que \u201cde forma interdisciplinar, <strong>\u00e9 oferecido atendimento \u00e0s necessidades da popula\u00e7\u00e3o idosa<\/strong>\u201d.<\/p>\n<p>Em sua pesquisa, Maroto explica que a maioria dos profissionais da sa\u00fade partem de uma perspectiva muito vinculada ao aspecto biol\u00f3gico, <strong>desenvolvendo-se no profissional da sa\u00fade alguns estere\u00f3tipos que associam o conceito de velhice com uma etapa caracterizada por perdas, solid\u00e3o e abandono<\/strong>.<\/p>\n<p>A pesquisadora destaca que os preconceitos formados na mente dos profissionais da sa\u00fade possuem influ\u00eancia \u201cna forma de perceber e prestar cuidados \u00e0s pessoas da terceira idade\u201d.<\/p>\n<p>A pesquisa indica que somente os profissionais da Geriatria contavam com a forma\u00e7\u00e3o necess\u00e1ria para cuidar dos pacientes da terceira idade, os demais respons\u00e1veis pelo atendimento em ambientes geri\u00e1tricos n\u00e3o possu\u00edam capacita\u00e7\u00e3o nesta \u00e1rea. Por esta raz\u00e3o, os processos de cuidado realizados por eles eram feitos de maneira mec\u00e2nica na maioria dos casos.<\/p>\n<p>Maroto recomenda desenvolver estrat\u00e9gias de sensibiliza\u00e7\u00e3o e capacita\u00e7\u00e3o de todo o recurso humano dos centros que atendem as pessoas da terceira idade. A pesquisadora prop\u00f5e que nestas capacita\u00e7\u00f5es \u201cseja promovida e divulgada uma vis\u00e3o real e precisa da velhice, desmistificando e superando as declara\u00e7\u00f5es estereotipadas que prevalecem em nossa sociedade, bem como promover e supervisionar um cuidado oportuno, respeitoso e correto das necessidades da popula\u00e7\u00e3o da terceira idade\u201d.<\/p>\n<p>O texto integral (em espanhol) do trabalho apresentado pela pesquisadora Kathya Maroto pode ser visto atrav\u00e9s do endere\u00e7o:\u00a0<a href=\"http:\/\/fnbr.es\/2e7\" target=\"_blank\">http:\/\/fnbr.es\/2e7<\/a><\/p>\n","protected":false},"excerpt":{"rendered":"<p>Pesquisa revela qual o impacto da percep\u00e7\u00e3o do envelhecimento para os trabalhadores nos servi\u00e7os oferecidos \u00e0s pessoas da terceira idade. Tradicionalmente, tem sido considerado que as pessoas com s\u00f3lidos conhecimentos de medicina podem realizar um bom atendimento aos pacientes, entretanto, a percep\u00e7\u00e3o do m\u00e9dico ou do cuidador poderia influenciar na qualidade do servi\u00e7o? Kathya Andrea [&hellip;]<\/p>\n","protected":false},"author":10,"featured_media":9498,"comment_status":"closed","ping_status":"closed","sticky":false,"template":"","format":"standard","meta":{"jetpack_post_was_ever_published":false,"_jetpack_newsletter_access":"","_jetpack_newsletter_tier_id":0,"footnotes":"","jetpack_publicize_message":"","jetpack_is_tweetstorm":false,"jetpack_publicize_feature_enabled":true,"jetpack_social_post_already_shared":true,"jetpack_social_options":{"image_generator_settings":{"template":"highway","enabled":false}}},"categories":[1],"tags":[663,107,285,100,911,267,671,255,568,60,113,622],"jetpack_publicize_connections":[],"yoast_head":"<!-- This site is optimized with the Yoast SEO plugin v21.7 - https:\/\/yoast.com\/wordpress\/plugins\/seo\/ -->\n<title>Disserta\u00e7\u00e3o: Percep\u00e7\u00e3o dos profissionais da sa\u00fade sobre o envelhecimento<\/title>\n<meta name=\"description\" content=\"Pesquisa revela qual o impacto da percep\u00e7\u00e3o do envelhecimento para os trabalhadores nos servi\u00e7os oferecidos \u00e0s pessoas da terceira idade.\" \/>\n<meta name=\"robots\" content=\"index, follow, max-snippet:-1, max-image-preview:large, max-video-preview:-1\" \/>\n<link rel=\"canonical\" href=\"https:\/\/blogs.funiber.org\/pt\/gerontologia\/2016\/02\/25\/funiber-dissertacao-percepcao-envelhecimento\" \/>\n<meta property=\"og:locale\" content=\"pt_BR\" \/>\n<meta property=\"og:type\" content=\"article\" \/>\n<meta property=\"og:title\" content=\"Disserta\u00e7\u00e3o: Percep\u00e7\u00e3o dos profissionais da sa\u00fade sobre o envelhecimento\" \/>\n<meta property=\"og:description\" content=\"Pesquisa revela qual o impacto da percep\u00e7\u00e3o do envelhecimento para os trabalhadores nos servi\u00e7os oferecidos \u00e0s pessoas da terceira idade.\" \/>\n<meta property=\"og:url\" content=\"https:\/\/blogs.funiber.org\/pt\/gerontologia\/2016\/02\/25\/funiber-dissertacao-percepcao-envelhecimento\" \/>\n<meta property=\"og:site_name\" content=\"FuniBlogs - FUNIBER\" \/>\n<meta property=\"article:publisher\" content=\"https:\/\/www.facebook.com\/funiber\" \/>\n<meta property=\"article:published_time\" content=\"2016-02-25T08:27:53+00:00\" \/>\n<meta property=\"article:modified_time\" content=\"2016-02-26T08:37:05+00:00\" \/>\n<meta property=\"og:image\" content=\"https:\/\/blogs.funiber.org\/pt\/wp-content\/uploads\/2016\/02\/funiber-gerontologia-small.jpg\" \/>\n\t<meta property=\"og:image:width\" content=\"618\" \/>\n\t<meta property=\"og:image:height\" content=\"412\" \/>\n\t<meta property=\"og:image:type\" content=\"image\/jpeg\" \/>\n<meta name=\"author\" content=\"Michelle\" \/>\n<meta name=\"twitter:card\" content=\"summary_large_image\" \/>\n<meta name=\"twitter:creator\" content=\"@FUNIBER\" \/>\n<meta name=\"twitter:site\" content=\"@FUNIBER\" \/>\n<meta name=\"twitter:label1\" content=\"Escrito por\" \/>\n\t<meta name=\"twitter:data1\" content=\"Michelle\" \/>\n\t<meta name=\"twitter:label2\" content=\"Est. tempo de leitura\" \/>\n\t<meta name=\"twitter:data2\" content=\"3 minutos\" \/>\n<script type=\"application\/ld+json\" class=\"yoast-schema-graph\">{\"@context\":\"https:\/\/schema.org\",\"@graph\":[{\"@type\":\"Article\",\"@id\":\"https:\/\/blogs.funiber.org\/pt\/gerontologia\/2016\/02\/25\/funiber-dissertacao-percepcao-envelhecimento#article\",\"isPartOf\":{\"@id\":\"https:\/\/blogs.funiber.org\/pt\/gerontologia\/2016\/02\/25\/funiber-dissertacao-percepcao-envelhecimento\"},\"author\":{\"name\":\"Michelle\",\"@id\":\"https:\/\/blogs.funiber.org\/pt\/#\/schema\/person\/a1eaaa5e57eac866a8c5946946bcf80d\"},\"headline\":\"Disserta\u00e7\u00e3o: Percep\u00e7\u00e3o dos profissionais da sa\u00fade sobre o envelhecimento\",\"datePublished\":\"2016-02-25T08:27:53+00:00\",\"dateModified\":\"2016-02-26T08:37:05+00:00\",\"mainEntityOfPage\":{\"@id\":\"https:\/\/blogs.funiber.org\/pt\/gerontologia\/2016\/02\/25\/funiber-dissertacao-percepcao-envelhecimento\"},\"wordCount\":522,\"publisher\":{\"@id\":\"https:\/\/blogs.funiber.org\/pt\/#organization\"},\"keywords\":[\"Alunos FUNIBER\",\"Disserta\u00e7\u00e3o\",\"Educa\u00e7\u00e3o\",\"Envelhecimento\",\"FUNIBER Opini\u00f5es\",\"Idosos\",\"mestrado\",\"Opini\u00f5es Funiber\",\"Pesquisa\",\"Professores Funiber\",\"Sa\u00fade\",\"tese\"],\"articleSection\":[\"Gerontologia\"],\"inLanguage\":\"pt-BR\"},{\"@type\":\"WebPage\",\"@id\":\"https:\/\/blogs.funiber.org\/pt\/gerontologia\/2016\/02\/25\/funiber-dissertacao-percepcao-envelhecimento\",\"url\":\"https:\/\/blogs.funiber.org\/pt\/gerontologia\/2016\/02\/25\/funiber-dissertacao-percepcao-envelhecimento\",\"name\":\"Disserta\u00e7\u00e3o: Percep\u00e7\u00e3o dos profissionais da sa\u00fade sobre o envelhecimento\",\"isPartOf\":{\"@id\":\"https:\/\/blogs.funiber.org\/pt\/#website\"},\"datePublished\":\"2016-02-25T08:27:53+00:00\",\"dateModified\":\"2016-02-26T08:37:05+00:00\",\"description\":\"Pesquisa revela qual o impacto da percep\u00e7\u00e3o do envelhecimento para os trabalhadores nos servi\u00e7os oferecidos \u00e0s pessoas da terceira idade.\",\"breadcrumb\":{\"@id\":\"https:\/\/blogs.funiber.org\/pt\/gerontologia\/2016\/02\/25\/funiber-dissertacao-percepcao-envelhecimento#breadcrumb\"},\"inLanguage\":\"pt-BR\",\"potentialAction\":[{\"@type\":\"ReadAction\",\"target\":[\"https:\/\/blogs.funiber.org\/pt\/gerontologia\/2016\/02\/25\/funiber-dissertacao-percepcao-envelhecimento\"]}]},{\"@type\":\"BreadcrumbList\",\"@id\":\"https:\/\/blogs.funiber.org\/pt\/gerontologia\/2016\/02\/25\/funiber-dissertacao-percepcao-envelhecimento#breadcrumb\",\"itemListElement\":[{\"@type\":\"ListItem\",\"position\":1,\"name\":\"In\u00edcio\",\"item\":\"https:\/\/blogs.funiber.org\/pt\"},{\"@type\":\"ListItem\",\"position\":2,\"name\":\"Disserta\u00e7\u00e3o: Percep\u00e7\u00e3o dos profissionais da sa\u00fade sobre o envelhecimento\"}]},{\"@type\":\"WebSite\",\"@id\":\"https:\/\/blogs.funiber.org\/pt\/#website\",\"url\":\"https:\/\/blogs.funiber.org\/pt\/\",\"name\":\"FuniBlogs - FUNIBER\",\"description\":\"\",\"publisher\":{\"@id\":\"https:\/\/blogs.funiber.org\/pt\/#organization\"},\"potentialAction\":[{\"@type\":\"SearchAction\",\"target\":{\"@type\":\"EntryPoint\",\"urlTemplate\":\"https:\/\/blogs.funiber.org\/pt\/?s={search_term_string}\"},\"query-input\":\"required name=search_term_string\"}],\"inLanguage\":\"pt-BR\"},{\"@type\":\"Organization\",\"@id\":\"https:\/\/blogs.funiber.org\/pt\/#organization\",\"name\":\"FuniBlogs - FUNIBER\",\"url\":\"https:\/\/blogs.funiber.org\/pt\/\",\"logo\":{\"@type\":\"ImageObject\",\"inLanguage\":\"pt-BR\",\"@id\":\"https:\/\/blogs.funiber.org\/pt\/#\/schema\/logo\/image\/\",\"url\":\"https:\/\/www.funiber.blog\/pt\/wp-content\/uploads\/2022\/02\/logo-funiber-pt-br-v-dos.svg\",\"contentUrl\":\"https:\/\/www.funiber.blog\/pt\/wp-content\/uploads\/2022\/02\/logo-funiber-pt-br-v-dos.svg\",\"width\":1,\"height\":1,\"caption\":\"FuniBlogs - FUNIBER\"},\"image\":{\"@id\":\"https:\/\/blogs.funiber.org\/pt\/#\/schema\/logo\/image\/\"},\"sameAs\":[\"https:\/\/www.facebook.com\/funiber\",\"https:\/\/twitter.com\/FUNIBER\",\"https:\/\/www.instagram.com\/funiber_becas\",\"https:\/\/www.youtube.com\/user\/funiber\",\"https:\/\/www.linkedin.com\/company\/funiber\"]},{\"@type\":\"Person\",\"@id\":\"https:\/\/blogs.funiber.org\/pt\/#\/schema\/person\/a1eaaa5e57eac866a8c5946946bcf80d\",\"name\":\"Michelle\",\"image\":{\"@type\":\"ImageObject\",\"inLanguage\":\"pt-BR\",\"@id\":\"https:\/\/blogs.funiber.org\/pt\/#\/schema\/person\/image\/\",\"url\":\"https:\/\/secure.gravatar.com\/avatar\/5e87041f7609dc50493cf216754fece1?s=96&d=mm&r=g\",\"contentUrl\":\"https:\/\/secure.gravatar.com\/avatar\/5e87041f7609dc50493cf216754fece1?s=96&d=mm&r=g\",\"caption\":\"Michelle\"},\"url\":\"https:\/\/www.funiber.blog\/pt\/author\/michelle-moreira\"}]}<\/script>\n<!-- \/ Yoast SEO plugin. -->","yoast_head_json":{"title":"Disserta\u00e7\u00e3o: Percep\u00e7\u00e3o dos profissionais da sa\u00fade sobre o envelhecimento","description":"Pesquisa revela qual o impacto da percep\u00e7\u00e3o do envelhecimento para os trabalhadores nos servi\u00e7os oferecidos \u00e0s pessoas da terceira idade.","robots":{"index":"index","follow":"follow","max-snippet":"max-snippet:-1","max-image-preview":"max-image-preview:large","max-video-preview":"max-video-preview:-1"},"canonical":"https:\/\/blogs.funiber.org\/pt\/gerontologia\/2016\/02\/25\/funiber-dissertacao-percepcao-envelhecimento","og_locale":"pt_BR","og_type":"article","og_title":"Disserta\u00e7\u00e3o: Percep\u00e7\u00e3o dos profissionais da sa\u00fade sobre o envelhecimento","og_description":"Pesquisa revela qual o impacto da percep\u00e7\u00e3o do envelhecimento para os trabalhadores nos servi\u00e7os oferecidos \u00e0s pessoas da terceira idade.","og_url":"https:\/\/blogs.funiber.org\/pt\/gerontologia\/2016\/02\/25\/funiber-dissertacao-percepcao-envelhecimento","og_site_name":"FuniBlogs - FUNIBER","article_publisher":"https:\/\/www.facebook.com\/funiber","article_published_time":"2016-02-25T08:27:53+00:00","article_modified_time":"2016-02-26T08:37:05+00:00","og_image":[{"width":618,"height":412,"url":"https:\/\/blogs.funiber.org\/pt\/wp-content\/uploads\/2016\/02\/funiber-gerontologia-small.jpg","type":"image\/jpeg"}],"author":"Michelle","twitter_card":"summary_large_image","twitter_creator":"@FUNIBER","twitter_site":"@FUNIBER","twitter_misc":{"Escrito por":"Michelle","Est. tempo de leitura":"3 minutos"},"schema":{"@context":"https:\/\/schema.org","@graph":[{"@type":"Article","@id":"https:\/\/blogs.funiber.org\/pt\/gerontologia\/2016\/02\/25\/funiber-dissertacao-percepcao-envelhecimento#article","isPartOf":{"@id":"https:\/\/blogs.funiber.org\/pt\/gerontologia\/2016\/02\/25\/funiber-dissertacao-percepcao-envelhecimento"},"author":{"name":"Michelle","@id":"https:\/\/blogs.funiber.org\/pt\/#\/schema\/person\/a1eaaa5e57eac866a8c5946946bcf80d"},"headline":"Disserta\u00e7\u00e3o: Percep\u00e7\u00e3o dos profissionais da sa\u00fade sobre o envelhecimento","datePublished":"2016-02-25T08:27:53+00:00","dateModified":"2016-02-26T08:37:05+00:00","mainEntityOfPage":{"@id":"https:\/\/blogs.funiber.org\/pt\/gerontologia\/2016\/02\/25\/funiber-dissertacao-percepcao-envelhecimento"},"wordCount":522,"publisher":{"@id":"https:\/\/blogs.funiber.org\/pt\/#organization"},"keywords":["Alunos FUNIBER","Disserta\u00e7\u00e3o","Educa\u00e7\u00e3o","Envelhecimento","FUNIBER Opini\u00f5es","Idosos","mestrado","Opini\u00f5es Funiber","Pesquisa","Professores Funiber","Sa\u00fade","tese"],"articleSection":["Gerontologia"],"inLanguage":"pt-BR"},{"@type":"WebPage","@id":"https:\/\/blogs.funiber.org\/pt\/gerontologia\/2016\/02\/25\/funiber-dissertacao-percepcao-envelhecimento","url":"https:\/\/blogs.funiber.org\/pt\/gerontologia\/2016\/02\/25\/funiber-dissertacao-percepcao-envelhecimento","name":"Disserta\u00e7\u00e3o: Percep\u00e7\u00e3o dos profissionais da sa\u00fade sobre o envelhecimento","isPartOf":{"@id":"https:\/\/blogs.funiber.org\/pt\/#website"},"datePublished":"2016-02-25T08:27:53+00:00","dateModified":"2016-02-26T08:37:05+00:00","description":"Pesquisa revela qual o impacto da percep\u00e7\u00e3o do envelhecimento para os trabalhadores nos servi\u00e7os oferecidos \u00e0s pessoas da terceira idade.","breadcrumb":{"@id":"https:\/\/blogs.funiber.org\/pt\/gerontologia\/2016\/02\/25\/funiber-dissertacao-percepcao-envelhecimento#breadcrumb"},"inLanguage":"pt-BR","potentialAction":[{"@type":"ReadAction","target":["https:\/\/blogs.funiber.org\/pt\/gerontologia\/2016\/02\/25\/funiber-dissertacao-percepcao-envelhecimento"]}]},{"@type":"BreadcrumbList","@id":"https:\/\/blogs.funiber.org\/pt\/gerontologia\/2016\/02\/25\/funiber-dissertacao-percepcao-envelhecimento#breadcrumb","itemListElement":[{"@type":"ListItem","position":1,"name":"In\u00edcio","item":"https:\/\/blogs.funiber.org\/pt"},{"@type":"ListItem","position":2,"name":"Disserta\u00e7\u00e3o: Percep\u00e7\u00e3o dos profissionais da sa\u00fade sobre o envelhecimento"}]},{"@type":"WebSite","@id":"https:\/\/blogs.funiber.org\/pt\/#website","url":"https:\/\/blogs.funiber.org\/pt\/","name":"FuniBlogs - FUNIBER","description":"","publisher":{"@id":"https:\/\/blogs.funiber.org\/pt\/#organization"},"potentialAction":[{"@type":"SearchAction","target":{"@type":"EntryPoint","urlTemplate":"https:\/\/blogs.funiber.org\/pt\/?s={search_term_string}"},"query-input":"required name=search_term_string"}],"inLanguage":"pt-BR"},{"@type":"Organization","@id":"https:\/\/blogs.funiber.org\/pt\/#organization","name":"FuniBlogs - FUNIBER","url":"https:\/\/blogs.funiber.org\/pt\/","logo":{"@type":"ImageObject","inLanguage":"pt-BR","@id":"https:\/\/blogs.funiber.org\/pt\/#\/schema\/logo\/image\/","url":"https:\/\/www.funiber.blog\/pt\/wp-content\/uploads\/2022\/02\/logo-funiber-pt-br-v-dos.svg","contentUrl":"https:\/\/www.funiber.blog\/pt\/wp-content\/uploads\/2022\/02\/logo-funiber-pt-br-v-dos.svg","width":1,"height":1,"caption":"FuniBlogs - FUNIBER"},"image":{"@id":"https:\/\/blogs.funiber.org\/pt\/#\/schema\/logo\/image\/"},"sameAs":["https:\/\/www.facebook.com\/funiber","https:\/\/twitter.com\/FUNIBER","https:\/\/www.instagram.com\/funiber_becas","https:\/\/www.youtube.com\/user\/funiber","https:\/\/www.linkedin.com\/company\/funiber"]},{"@type":"Person","@id":"https:\/\/blogs.funiber.org\/pt\/#\/schema\/person\/a1eaaa5e57eac866a8c5946946bcf80d","name":"Michelle","image":{"@type":"ImageObject","inLanguage":"pt-BR","@id":"https:\/\/blogs.funiber.org\/pt\/#\/schema\/person\/image\/","url":"https:\/\/secure.gravatar.com\/avatar\/5e87041f7609dc50493cf216754fece1?s=96&d=mm&r=g","contentUrl":"https:\/\/secure.gravatar.com\/avatar\/5e87041f7609dc50493cf216754fece1?s=96&d=mm&r=g","caption":"Michelle"},"url":"https:\/\/www.funiber.blog\/pt\/author\/michelle-moreira"}]}},"jetpack_featured_media_url":"https:\/\/www.funiber.blog\/pt\/wp-content\/uploads\/2016\/02\/funiber-gerontologia-small.jpg","jetpack_shortlink":"https:\/\/wp.me\/p7ee1t-2tb","jetpack_sharing_enabled":true,"_links":{"self":[{"href":"https:\/\/www.funiber.blog\/pt\/wp-json\/wp\/v2\/posts\/9497"}],"collection":[{"href":"https:\/\/www.funiber.blog\/pt\/wp-json\/wp\/v2\/posts"}],"about":[{"href":"https:\/\/www.funiber.blog\/pt\/wp-json\/wp\/v2\/types\/post"}],"author":[{"embeddable":true,"href":"https:\/\/www.funiber.blog\/pt\/wp-json\/wp\/v2\/users\/10"}],"replies":[{"embeddable":true,"href":"https:\/\/www.funiber.blog\/pt\/wp-json\/wp\/v2\/comments?post=9497"}],"version-history":[{"count":2,"href":"https:\/\/www.funiber.blog\/pt\/wp-json\/wp\/v2\/posts\/9497\/revisions"}],"predecessor-version":[{"id":9500,"href":"https:\/\/www.funiber.blog\/pt\/wp-json\/wp\/v2\/posts\/9497\/revisions\/9500"}],"wp:featuredmedia":[{"embeddable":true,"href":"https:\/\/www.funiber.blog\/pt\/wp-json\/wp\/v2\/media\/9498"}],"wp:attachment":[{"href":"https:\/\/www.funiber.blog\/pt\/wp-json\/wp\/v2\/media?parent=9497"}],"wp:term":[{"taxonomy":"category","embeddable":true,"href":"https:\/\/www.funiber.blog\/pt\/wp-json\/wp\/v2\/categories?post=9497"},{"taxonomy":"post_tag","embeddable":true,"href":"https:\/\/www.funiber.blog\/pt\/wp-json\/wp\/v2\/tags?post=9497"}],"curies":[{"name":"wp","href":"https:\/\/api.w.org\/{rel}","templated":true}]}}