{"id":9720,"date":"2016-03-15T13:38:32","date_gmt":"2016-03-15T13:38:32","guid":{"rendered":"http:\/\/blogs.funiber.org\/pt\/?p=9720"},"modified":"2016-03-18T13:41:13","modified_gmt":"2016-03-18T13:41:13","slug":"intervencoes-livres-de-farmacos-para-tratar-o-alzheimer","status":"publish","type":"post","link":"https:\/\/www.funiber.blog\/pt\/gerontologia\/2016\/03\/15\/intervencoes-livres-de-farmacos-para-tratar-o-alzheimer","title":{"rendered":"Interven\u00e7\u00f5es livres de f\u00e1rmacos para tratar o Alzheimer"},"content":{"rendered":"<h2>Um estudo analisa as terapias livres de f\u00e1rmacos para paliar o mal de Alzheimer<\/h2>\n<p>Um estudo publicado na revista European Geriatric Medique, realizou uma an\u00e1lise de interven\u00e7\u00f5es n\u00e3o farmacol\u00f3gicas para melhorar a cogni\u00e7\u00e3o e a autonomia nas atividades di\u00e1rias, procurando <strong>reduzir os sintomas neuropsiqui\u00e1tricos dos pacientes com a doen\u00e7a de Alzheimer.<\/strong> Os pesquisadores recolheram dados sobre interven\u00e7\u00f5es de <strong>terapia de estimula\u00e7\u00e3o cognitiva, orienta\u00e7\u00e3o da realidade, terapia psicodin\u00e2mica, reminisc\u00eancia, recupera\u00e7\u00e3o de lembran\u00e7as, musicoterapia e tratamentos de luz.<\/strong><!--more--><\/p>\n<p>Os pesquisadores agruparam as terapias em quatro grupos: t\u00e9cnicas hol\u00edsticas, psicoterapia breve, m\u00e9todos cognitivos e estrat\u00e9gias alternativas. As terapias <strong>de orienta\u00e7\u00e3o da realidade<\/strong> e a terapia de <strong>estimula\u00e7\u00e3o cognitiva<\/strong> (CST &#8211; sigla em ingl\u00eas) estiveram associadas com uma <strong>melhoria significativa na cogni\u00e7\u00e3o e estado de \u00e2nimo<\/strong>, nos casos de pacientes com a doen\u00e7a de Alzheimer leve ou moderada, e no refor\u00e7o de tratamentos farmacol\u00f3gicos. Os exerc\u00edcios com a t\u00e9cnica de <strong>reminisc\u00eancia melhorariam a cogni\u00e7\u00e3o e reduziriam os sintomas depressivos<\/strong>. Os exerc\u00edcios de <strong>recupera\u00e7\u00e3o de lembran\u00e7as poderiam melhorar a reten\u00e7\u00e3o e aten\u00e7\u00e3o <\/strong>sobre feitos importantes. Mas no caso da terapia com luz, requerem-se mais estudos para determinar seu impacto sobre os sintomas neuropsiqui\u00e1tricos, enquanto que o uso da <strong>musicoterapia poderia ajudar a reduzir os epis\u00f3dios dos sintomas<\/strong> da doen\u00e7a.<\/p>\n<p>Os pesquisadores destacaram que em muitos estudos as <strong>amostras de pacientes eram muito pequenas<\/strong> e os tratamentos deveriam ser observados como casos individuais, atendendo \u00e0 condi\u00e7\u00e3o m\u00e9dica do paciente, a severidade da doen\u00e7a, os recursos e servi\u00e7os de sa\u00fade dispon\u00edveis e o apoio e compromisso do pessoal com o cuidado do paciente.<\/p>\n<p>Os estudantes da \u00e1rea de\u00a0<a href=\"http:\/\/www.funiber.org\/areas-de-conocimiento\/salud-y-nutricion\/gerontologia\/\">Gerontologia<\/a>\u00a0da\u00a0<a href=\"http:\/\/www.funiber.org\/\">FUNIBER<\/a>\u00a0pesquisam sobre diversas estrat\u00e9gias que podem ajudar os pacientes a melhorar sua mem\u00f3ria e qualidade de vida durante o envelhecimento.<\/p>\n<p>Fonte:<br \/>\n<a href=\"http:\/\/fnbr.es\/2ir\">http:\/\/fnbr.es\/2ir<\/a><\/p>\n<p>Foto Creative Commons:\u00a0<a href=\"https:\/\/www.flickr.com\/photos\/david_chang\/2293574294\/sizes\/m\/\">Liang Wen<\/a><\/p>\n","protected":false},"excerpt":{"rendered":"<p>Um estudo analisa as terapias livres de f\u00e1rmacos para paliar o mal de Alzheimer Um estudo publicado na revista European Geriatric Medique, realizou uma an\u00e1lise de interven\u00e7\u00f5es n\u00e3o farmacol\u00f3gicas para melhorar a cogni\u00e7\u00e3o e a autonomia nas atividades di\u00e1rias, procurando reduzir os sintomas neuropsiqui\u00e1tricos dos pacientes com a doen\u00e7a de Alzheimer. Os pesquisadores recolheram dados [&hellip;]<\/p>\n","protected":false},"author":10,"featured_media":9721,"comment_status":"closed","ping_status":"closed","sticky":false,"template":"","format":"standard","meta":{"jetpack_post_was_ever_published":false,"_jetpack_newsletter_access":"","_jetpack_newsletter_tier_id":0,"footnotes":"","jetpack_publicize_message":"","jetpack_is_tweetstorm":false,"jetpack_publicize_feature_enabled":true,"jetpack_social_post_already_shared":true,"jetpack_social_options":{"image_generator_settings":{"template":"highway","enabled":false}}},"categories":[1],"tags":[108,228,122,285,408,100,267,671,641,255,113],"jetpack_publicize_connections":[],"yoast_head":"<!-- This site is optimized with the Yoast SEO plugin v21.7 - https:\/\/yoast.com\/wordpress\/plugins\/seo\/ -->\n<title>Interven\u00e7\u00f5es livres de f\u00e1rmacos para tratar o Alzheimer<\/title>\n<meta name=\"description\" content=\"Um estudo analisa as terapias livres de f\u00e1rmacos para paliar o mal de Alzheimer\" \/>\n<meta name=\"robots\" content=\"index, follow, max-snippet:-1, max-image-preview:large, max-video-preview:-1\" \/>\n<link rel=\"canonical\" href=\"https:\/\/blogs.funiber.org\/pt\/gerontologia\/2016\/03\/15\/intervencoes-livres-de-farmacos-para-tratar-o-alzheimer\" \/>\n<meta property=\"og:locale\" content=\"pt_BR\" \/>\n<meta property=\"og:type\" content=\"article\" \/>\n<meta property=\"og:title\" content=\"Interven\u00e7\u00f5es livres de f\u00e1rmacos para tratar o Alzheimer\" \/>\n<meta property=\"og:description\" content=\"Um estudo analisa as terapias livres de f\u00e1rmacos para paliar o mal de Alzheimer\" \/>\n<meta property=\"og:url\" content=\"https:\/\/blogs.funiber.org\/pt\/gerontologia\/2016\/03\/15\/intervencoes-livres-de-farmacos-para-tratar-o-alzheimer\" \/>\n<meta property=\"og:site_name\" content=\"FuniBlogs - FUNIBER\" \/>\n<meta property=\"article:publisher\" content=\"https:\/\/www.facebook.com\/funiber\" \/>\n<meta property=\"article:published_time\" content=\"2016-03-15T13:38:32+00:00\" \/>\n<meta property=\"article:modified_time\" content=\"2016-03-18T13:41:13+00:00\" \/>\n<meta property=\"og:image\" content=\"https:\/\/blogs.funiber.org\/pt\/wp-content\/uploads\/2016\/03\/funiber-gerontologia-alzheimer-sonriendo.jpg\" \/>\n\t<meta property=\"og:image:width\" content=\"500\" \/>\n\t<meta property=\"og:image:height\" content=\"332\" \/>\n\t<meta property=\"og:image:type\" content=\"image\/jpeg\" \/>\n<meta name=\"author\" content=\"Michelle\" \/>\n<meta name=\"twitter:card\" content=\"summary_large_image\" \/>\n<meta name=\"twitter:creator\" content=\"@FUNIBER\" \/>\n<meta name=\"twitter:site\" content=\"@FUNIBER\" \/>\n<meta name=\"twitter:label1\" content=\"Escrito por\" \/>\n\t<meta name=\"twitter:data1\" content=\"Michelle\" \/>\n\t<meta name=\"twitter:label2\" content=\"Est. tempo de leitura\" \/>\n\t<meta name=\"twitter:data2\" content=\"2 minutos\" \/>\n<script type=\"application\/ld+json\" class=\"yoast-schema-graph\">{\"@context\":\"https:\/\/schema.org\",\"@graph\":[{\"@type\":\"Article\",\"@id\":\"https:\/\/blogs.funiber.org\/pt\/gerontologia\/2016\/03\/15\/intervencoes-livres-de-farmacos-para-tratar-o-alzheimer#article\",\"isPartOf\":{\"@id\":\"https:\/\/blogs.funiber.org\/pt\/gerontologia\/2016\/03\/15\/intervencoes-livres-de-farmacos-para-tratar-o-alzheimer\"},\"author\":{\"name\":\"Michelle\",\"@id\":\"https:\/\/blogs.funiber.org\/pt\/#\/schema\/person\/a1eaaa5e57eac866a8c5946946bcf80d\"},\"headline\":\"Interven\u00e7\u00f5es livres de f\u00e1rmacos para tratar o Alzheimer\",\"datePublished\":\"2016-03-15T13:38:32+00:00\",\"dateModified\":\"2016-03-18T13:41:13+00:00\",\"mainEntityOfPage\":{\"@id\":\"https:\/\/blogs.funiber.org\/pt\/gerontologia\/2016\/03\/15\/intervencoes-livres-de-farmacos-para-tratar-o-alzheimer\"},\"wordCount\":350,\"publisher\":{\"@id\":\"https:\/\/blogs.funiber.org\/pt\/#organization\"},\"keywords\":[\"Alzheimer\",\"Cuidados\",\"Doen\u00e7as\",\"Educa\u00e7\u00e3o\",\"Educa\u00e7\u00e3o a Dist\u00e2ncia\",\"Envelhecimento\",\"Idosos\",\"mestrado\",\"Opini\u00e3o FUNIBER\",\"Opini\u00f5es Funiber\",\"Sa\u00fade\"],\"articleSection\":[\"Gerontologia\"],\"inLanguage\":\"pt-BR\"},{\"@type\":\"WebPage\",\"@id\":\"https:\/\/blogs.funiber.org\/pt\/gerontologia\/2016\/03\/15\/intervencoes-livres-de-farmacos-para-tratar-o-alzheimer\",\"url\":\"https:\/\/blogs.funiber.org\/pt\/gerontologia\/2016\/03\/15\/intervencoes-livres-de-farmacos-para-tratar-o-alzheimer\",\"name\":\"Interven\u00e7\u00f5es livres de f\u00e1rmacos para tratar o Alzheimer\",\"isPartOf\":{\"@id\":\"https:\/\/blogs.funiber.org\/pt\/#website\"},\"datePublished\":\"2016-03-15T13:38:32+00:00\",\"dateModified\":\"2016-03-18T13:41:13+00:00\",\"description\":\"Um estudo analisa as terapias livres de f\u00e1rmacos para paliar o mal de Alzheimer\",\"breadcrumb\":{\"@id\":\"https:\/\/blogs.funiber.org\/pt\/gerontologia\/2016\/03\/15\/intervencoes-livres-de-farmacos-para-tratar-o-alzheimer#breadcrumb\"},\"inLanguage\":\"pt-BR\",\"potentialAction\":[{\"@type\":\"ReadAction\",\"target\":[\"https:\/\/blogs.funiber.org\/pt\/gerontologia\/2016\/03\/15\/intervencoes-livres-de-farmacos-para-tratar-o-alzheimer\"]}]},{\"@type\":\"BreadcrumbList\",\"@id\":\"https:\/\/blogs.funiber.org\/pt\/gerontologia\/2016\/03\/15\/intervencoes-livres-de-farmacos-para-tratar-o-alzheimer#breadcrumb\",\"itemListElement\":[{\"@type\":\"ListItem\",\"position\":1,\"name\":\"In\u00edcio\",\"item\":\"https:\/\/blogs.funiber.org\/pt\"},{\"@type\":\"ListItem\",\"position\":2,\"name\":\"Interven\u00e7\u00f5es livres de f\u00e1rmacos para tratar o Alzheimer\"}]},{\"@type\":\"WebSite\",\"@id\":\"https:\/\/blogs.funiber.org\/pt\/#website\",\"url\":\"https:\/\/blogs.funiber.org\/pt\/\",\"name\":\"FuniBlogs - FUNIBER\",\"description\":\"\",\"publisher\":{\"@id\":\"https:\/\/blogs.funiber.org\/pt\/#organization\"},\"potentialAction\":[{\"@type\":\"SearchAction\",\"target\":{\"@type\":\"EntryPoint\",\"urlTemplate\":\"https:\/\/blogs.funiber.org\/pt\/?s={search_term_string}\"},\"query-input\":\"required name=search_term_string\"}],\"inLanguage\":\"pt-BR\"},{\"@type\":\"Organization\",\"@id\":\"https:\/\/blogs.funiber.org\/pt\/#organization\",\"name\":\"FuniBlogs - FUNIBER\",\"url\":\"https:\/\/blogs.funiber.org\/pt\/\",\"logo\":{\"@type\":\"ImageObject\",\"inLanguage\":\"pt-BR\",\"@id\":\"https:\/\/blogs.funiber.org\/pt\/#\/schema\/logo\/image\/\",\"url\":\"https:\/\/www.funiber.blog\/pt\/wp-content\/uploads\/2022\/02\/logo-funiber-pt-br-v-dos.svg\",\"contentUrl\":\"https:\/\/www.funiber.blog\/pt\/wp-content\/uploads\/2022\/02\/logo-funiber-pt-br-v-dos.svg\",\"width\":1,\"height\":1,\"caption\":\"FuniBlogs - FUNIBER\"},\"image\":{\"@id\":\"https:\/\/blogs.funiber.org\/pt\/#\/schema\/logo\/image\/\"},\"sameAs\":[\"https:\/\/www.facebook.com\/funiber\",\"https:\/\/twitter.com\/FUNIBER\",\"https:\/\/www.instagram.com\/funiber_becas\",\"https:\/\/www.youtube.com\/user\/funiber\",\"https:\/\/www.linkedin.com\/company\/funiber\"]},{\"@type\":\"Person\",\"@id\":\"https:\/\/blogs.funiber.org\/pt\/#\/schema\/person\/a1eaaa5e57eac866a8c5946946bcf80d\",\"name\":\"Michelle\",\"image\":{\"@type\":\"ImageObject\",\"inLanguage\":\"pt-BR\",\"@id\":\"https:\/\/blogs.funiber.org\/pt\/#\/schema\/person\/image\/\",\"url\":\"https:\/\/secure.gravatar.com\/avatar\/5e87041f7609dc50493cf216754fece1?s=96&d=mm&r=g\",\"contentUrl\":\"https:\/\/secure.gravatar.com\/avatar\/5e87041f7609dc50493cf216754fece1?s=96&d=mm&r=g\",\"caption\":\"Michelle\"},\"url\":\"https:\/\/www.funiber.blog\/pt\/author\/michelle-moreira\"}]}<\/script>\n<!-- \/ Yoast SEO plugin. -->","yoast_head_json":{"title":"Interven\u00e7\u00f5es livres de f\u00e1rmacos para tratar o Alzheimer","description":"Um estudo analisa as terapias livres de f\u00e1rmacos para paliar o mal de Alzheimer","robots":{"index":"index","follow":"follow","max-snippet":"max-snippet:-1","max-image-preview":"max-image-preview:large","max-video-preview":"max-video-preview:-1"},"canonical":"https:\/\/blogs.funiber.org\/pt\/gerontologia\/2016\/03\/15\/intervencoes-livres-de-farmacos-para-tratar-o-alzheimer","og_locale":"pt_BR","og_type":"article","og_title":"Interven\u00e7\u00f5es livres de f\u00e1rmacos para tratar o Alzheimer","og_description":"Um estudo analisa as terapias livres de f\u00e1rmacos para paliar o mal de Alzheimer","og_url":"https:\/\/blogs.funiber.org\/pt\/gerontologia\/2016\/03\/15\/intervencoes-livres-de-farmacos-para-tratar-o-alzheimer","og_site_name":"FuniBlogs - FUNIBER","article_publisher":"https:\/\/www.facebook.com\/funiber","article_published_time":"2016-03-15T13:38:32+00:00","article_modified_time":"2016-03-18T13:41:13+00:00","og_image":[{"width":500,"height":332,"url":"https:\/\/blogs.funiber.org\/pt\/wp-content\/uploads\/2016\/03\/funiber-gerontologia-alzheimer-sonriendo.jpg","type":"image\/jpeg"}],"author":"Michelle","twitter_card":"summary_large_image","twitter_creator":"@FUNIBER","twitter_site":"@FUNIBER","twitter_misc":{"Escrito por":"Michelle","Est. tempo de leitura":"2 minutos"},"schema":{"@context":"https:\/\/schema.org","@graph":[{"@type":"Article","@id":"https:\/\/blogs.funiber.org\/pt\/gerontologia\/2016\/03\/15\/intervencoes-livres-de-farmacos-para-tratar-o-alzheimer#article","isPartOf":{"@id":"https:\/\/blogs.funiber.org\/pt\/gerontologia\/2016\/03\/15\/intervencoes-livres-de-farmacos-para-tratar-o-alzheimer"},"author":{"name":"Michelle","@id":"https:\/\/blogs.funiber.org\/pt\/#\/schema\/person\/a1eaaa5e57eac866a8c5946946bcf80d"},"headline":"Interven\u00e7\u00f5es livres de f\u00e1rmacos para tratar o Alzheimer","datePublished":"2016-03-15T13:38:32+00:00","dateModified":"2016-03-18T13:41:13+00:00","mainEntityOfPage":{"@id":"https:\/\/blogs.funiber.org\/pt\/gerontologia\/2016\/03\/15\/intervencoes-livres-de-farmacos-para-tratar-o-alzheimer"},"wordCount":350,"publisher":{"@id":"https:\/\/blogs.funiber.org\/pt\/#organization"},"keywords":["Alzheimer","Cuidados","Doen\u00e7as","Educa\u00e7\u00e3o","Educa\u00e7\u00e3o a Dist\u00e2ncia","Envelhecimento","Idosos","mestrado","Opini\u00e3o FUNIBER","Opini\u00f5es Funiber","Sa\u00fade"],"articleSection":["Gerontologia"],"inLanguage":"pt-BR"},{"@type":"WebPage","@id":"https:\/\/blogs.funiber.org\/pt\/gerontologia\/2016\/03\/15\/intervencoes-livres-de-farmacos-para-tratar-o-alzheimer","url":"https:\/\/blogs.funiber.org\/pt\/gerontologia\/2016\/03\/15\/intervencoes-livres-de-farmacos-para-tratar-o-alzheimer","name":"Interven\u00e7\u00f5es livres de f\u00e1rmacos para tratar o Alzheimer","isPartOf":{"@id":"https:\/\/blogs.funiber.org\/pt\/#website"},"datePublished":"2016-03-15T13:38:32+00:00","dateModified":"2016-03-18T13:41:13+00:00","description":"Um estudo analisa as terapias livres de f\u00e1rmacos para paliar o mal de Alzheimer","breadcrumb":{"@id":"https:\/\/blogs.funiber.org\/pt\/gerontologia\/2016\/03\/15\/intervencoes-livres-de-farmacos-para-tratar-o-alzheimer#breadcrumb"},"inLanguage":"pt-BR","potentialAction":[{"@type":"ReadAction","target":["https:\/\/blogs.funiber.org\/pt\/gerontologia\/2016\/03\/15\/intervencoes-livres-de-farmacos-para-tratar-o-alzheimer"]}]},{"@type":"BreadcrumbList","@id":"https:\/\/blogs.funiber.org\/pt\/gerontologia\/2016\/03\/15\/intervencoes-livres-de-farmacos-para-tratar-o-alzheimer#breadcrumb","itemListElement":[{"@type":"ListItem","position":1,"name":"In\u00edcio","item":"https:\/\/blogs.funiber.org\/pt"},{"@type":"ListItem","position":2,"name":"Interven\u00e7\u00f5es livres de f\u00e1rmacos para tratar o Alzheimer"}]},{"@type":"WebSite","@id":"https:\/\/blogs.funiber.org\/pt\/#website","url":"https:\/\/blogs.funiber.org\/pt\/","name":"FuniBlogs - FUNIBER","description":"","publisher":{"@id":"https:\/\/blogs.funiber.org\/pt\/#organization"},"potentialAction":[{"@type":"SearchAction","target":{"@type":"EntryPoint","urlTemplate":"https:\/\/blogs.funiber.org\/pt\/?s={search_term_string}"},"query-input":"required name=search_term_string"}],"inLanguage":"pt-BR"},{"@type":"Organization","@id":"https:\/\/blogs.funiber.org\/pt\/#organization","name":"FuniBlogs - FUNIBER","url":"https:\/\/blogs.funiber.org\/pt\/","logo":{"@type":"ImageObject","inLanguage":"pt-BR","@id":"https:\/\/blogs.funiber.org\/pt\/#\/schema\/logo\/image\/","url":"https:\/\/www.funiber.blog\/pt\/wp-content\/uploads\/2022\/02\/logo-funiber-pt-br-v-dos.svg","contentUrl":"https:\/\/www.funiber.blog\/pt\/wp-content\/uploads\/2022\/02\/logo-funiber-pt-br-v-dos.svg","width":1,"height":1,"caption":"FuniBlogs - FUNIBER"},"image":{"@id":"https:\/\/blogs.funiber.org\/pt\/#\/schema\/logo\/image\/"},"sameAs":["https:\/\/www.facebook.com\/funiber","https:\/\/twitter.com\/FUNIBER","https:\/\/www.instagram.com\/funiber_becas","https:\/\/www.youtube.com\/user\/funiber","https:\/\/www.linkedin.com\/company\/funiber"]},{"@type":"Person","@id":"https:\/\/blogs.funiber.org\/pt\/#\/schema\/person\/a1eaaa5e57eac866a8c5946946bcf80d","name":"Michelle","image":{"@type":"ImageObject","inLanguage":"pt-BR","@id":"https:\/\/blogs.funiber.org\/pt\/#\/schema\/person\/image\/","url":"https:\/\/secure.gravatar.com\/avatar\/5e87041f7609dc50493cf216754fece1?s=96&d=mm&r=g","contentUrl":"https:\/\/secure.gravatar.com\/avatar\/5e87041f7609dc50493cf216754fece1?s=96&d=mm&r=g","caption":"Michelle"},"url":"https:\/\/www.funiber.blog\/pt\/author\/michelle-moreira"}]}},"jetpack_featured_media_url":"https:\/\/www.funiber.blog\/pt\/wp-content\/uploads\/2016\/03\/funiber-gerontologia-alzheimer-sonriendo.jpg","jetpack_shortlink":"https:\/\/wp.me\/p7ee1t-2wM","jetpack_sharing_enabled":true,"_links":{"self":[{"href":"https:\/\/www.funiber.blog\/pt\/wp-json\/wp\/v2\/posts\/9720"}],"collection":[{"href":"https:\/\/www.funiber.blog\/pt\/wp-json\/wp\/v2\/posts"}],"about":[{"href":"https:\/\/www.funiber.blog\/pt\/wp-json\/wp\/v2\/types\/post"}],"author":[{"embeddable":true,"href":"https:\/\/www.funiber.blog\/pt\/wp-json\/wp\/v2\/users\/10"}],"replies":[{"embeddable":true,"href":"https:\/\/www.funiber.blog\/pt\/wp-json\/wp\/v2\/comments?post=9720"}],"version-history":[{"count":1,"href":"https:\/\/www.funiber.blog\/pt\/wp-json\/wp\/v2\/posts\/9720\/revisions"}],"predecessor-version":[{"id":9722,"href":"https:\/\/www.funiber.blog\/pt\/wp-json\/wp\/v2\/posts\/9720\/revisions\/9722"}],"wp:featuredmedia":[{"embeddable":true,"href":"https:\/\/www.funiber.blog\/pt\/wp-json\/wp\/v2\/media\/9721"}],"wp:attachment":[{"href":"https:\/\/www.funiber.blog\/pt\/wp-json\/wp\/v2\/media?parent=9720"}],"wp:term":[{"taxonomy":"category","embeddable":true,"href":"https:\/\/www.funiber.blog\/pt\/wp-json\/wp\/v2\/categories?post=9720"},{"taxonomy":"post_tag","embeddable":true,"href":"https:\/\/www.funiber.blog\/pt\/wp-json\/wp\/v2\/tags?post=9720"}],"curies":[{"name":"wp","href":"https:\/\/api.w.org\/{rel}","templated":true}]}}