{"id":9898,"date":"2016-04-11T12:49:51","date_gmt":"2016-04-11T12:49:51","guid":{"rendered":"http:\/\/blogs.funiber.org\/pt\/?p=9898"},"modified":"2016-04-12T12:51:22","modified_gmt":"2016-04-12T12:51:22","slug":"funiber-encontro-nacional-discurso-identidade-e-subjetividade","status":"publish","type":"post","link":"https:\/\/www.funiber.blog\/pt\/formacao-professores\/2016\/04\/11\/funiber-encontro-nacional-discurso-identidade-e-subjetividade","title":{"rendered":"I Encontro Nacional &#8220;Discurso, Identidade e Subjetividade&#8221;"},"content":{"rendered":"<h2>Brasil realiza encontro nacional para debater experi\u00eancias e estudos sobre a pr\u00e1tica da An\u00e1lise de Discurso.<\/h2>\n<p>Acontece entre os dias 27 e 29 de abril em Teresina (Brasil), o I Encontro Nacional Discurso, Identidade e Subjetividade, evento que espera reunir experi\u00eancias em pesquisas na \u00e1rea da An\u00e1lise de Discurso. <strong>Os interessados em participar dos minicursos devem se inscrever antes e as vagas s\u00e3o limitadas.<\/strong><!--more--><\/p>\n<p>O enfoque do encontro est\u00e1 nas quest\u00f5es referentes \u00e0 teoria, metodologia, identidade e subjetividade, suportes e instrumentos de produ\u00e7\u00e3o, e consenso no campo pol\u00edtico. <strong>A pr\u00e1tica da An\u00e1lise do Discurso \u00e9 usada para a pesquisa das constru\u00e7\u00f5es ideol\u00f3gicas e as representa\u00e7\u00f5es inseridas em textos.<\/strong> \u00c9 muito utilizada para o estudo da m\u00eddia e do discurso ideol\u00f3gico subentendido em textos e imagens.<\/p>\n<p><strong>Programa\u00e7\u00e3o<\/strong><\/p>\n<p>Confer\u00eancias com doutores em lingu\u00edstica e comunica\u00e7\u00e3o, grupos de trabalhos, mesa redonda, lan\u00e7amento de livros e minicursos fazem parte da programa\u00e7\u00e3o. Os cursos acontecem pelas manh\u00e3s, cada dia, e alguns j\u00e1 est\u00e3o com as vagas esgotadas. Para saber mais, acesse: <a href=\"http:\/\/fnbr.es\/2o3\">http:\/\/fnbr.es\/2o3<\/a><\/p>\n<p>Durante as confer\u00eancias, participar\u00e3o pesquisadores como a p\u00f3s-doutora em Lingu\u00edstica Izabel Santos Magalh\u00e3es, que colabora para o Conselho Nacional de Desenvolvimento Cient\u00edfico e Tecnol\u00f3gico, e a doutora em Sociologia da Comunica\u00e7\u00e3o Michelly Santos de Carvalho.<\/p>\n<p>Os alunos da<strong><a href=\"http:\/\/www.funiber.org.br\" target=\"_blank\"> FUNIBER<\/a><\/strong> podem se inscrever como ouvintes. O valor \u00e9 de R$70,00. Mais informa\u00e7\u00f5es em <a href=\"http:\/\/fnbr.es\/2o3\">http:\/\/fnbr.es\/2o3<\/a><\/p>\n<p>Foto: Todos os direitos reservados<\/p>\n","protected":false},"excerpt":{"rendered":"<p>Brasil realiza encontro nacional para debater experi\u00eancias e estudos sobre a pr\u00e1tica da An\u00e1lise de Discurso. Acontece entre os dias 27 e 29 de abril em Teresina (Brasil), o I Encontro Nacional Discurso, Identidade e Subjetividade, evento que espera reunir experi\u00eancias em pesquisas na \u00e1rea da An\u00e1lise de Discurso. Os interessados em participar dos minicursos [&hellip;]<\/p>\n","protected":false},"author":10,"featured_media":9899,"comment_status":"closed","ping_status":"closed","sticky":false,"template":"","format":"standard","meta":{"jetpack_post_was_ever_published":false,"_jetpack_newsletter_access":"","_jetpack_newsletter_tier_id":0,"footnotes":"","jetpack_publicize_message":"","jetpack_is_tweetstorm":false,"jetpack_publicize_feature_enabled":true,"jetpack_social_post_already_shared":true,"jetpack_social_options":{"image_generator_settings":{"template":"highway","enabled":false}}},"categories":[5],"tags":[663,1301,1300,285,408,918,248,911,736,641,255,1302],"jetpack_publicize_connections":[],"yoast_head":"<!-- This site is optimized with the Yoast SEO plugin v21.7 - https:\/\/yoast.com\/wordpress\/plugins\/seo\/ -->\n<title>I Encontro Nacional Discurso, Identidade e Subjetividade<\/title>\n<meta name=\"description\" content=\"Brasil realiza encontro nacional para debater experi\u00eancias e estudos sobre a pr\u00e1tica da An\u00e1lise de Discurso\" \/>\n<meta name=\"robots\" content=\"index, follow, max-snippet:-1, max-image-preview:large, max-video-preview:-1\" \/>\n<link rel=\"canonical\" href=\"https:\/\/blogs.funiber.org\/pt\/formacao-professores\/2016\/04\/11\/funiber-encontro-nacional-discurso-identidade-e-subjetividade\" \/>\n<meta property=\"og:locale\" content=\"pt_BR\" \/>\n<meta property=\"og:type\" content=\"article\" \/>\n<meta property=\"og:title\" content=\"I Encontro Nacional Discurso, Identidade e Subjetividade\" \/>\n<meta property=\"og:description\" content=\"Brasil realiza encontro nacional para debater experi\u00eancias e estudos sobre a pr\u00e1tica da An\u00e1lise de Discurso\" \/>\n<meta property=\"og:url\" content=\"https:\/\/blogs.funiber.org\/pt\/formacao-professores\/2016\/04\/11\/funiber-encontro-nacional-discurso-identidade-e-subjetividade\" \/>\n<meta property=\"og:site_name\" content=\"FuniBlogs - FUNIBER\" \/>\n<meta property=\"article:publisher\" content=\"https:\/\/www.facebook.com\/funiber\" \/>\n<meta property=\"article:published_time\" content=\"2016-04-11T12:49:51+00:00\" \/>\n<meta property=\"article:modified_time\" content=\"2016-04-12T12:51:22+00:00\" \/>\n<meta property=\"og:image\" content=\"https:\/\/blogs.funiber.org\/pt\/wp-content\/uploads\/2016\/04\/iStock_000075175257_pequeno.jpg\" \/>\n\t<meta property=\"og:image:width\" content=\"700\" \/>\n\t<meta property=\"og:image:height\" content=\"467\" \/>\n\t<meta property=\"og:image:type\" content=\"image\/jpeg\" \/>\n<meta name=\"author\" content=\"Michelle\" \/>\n<meta name=\"twitter:card\" content=\"summary_large_image\" \/>\n<meta name=\"twitter:creator\" content=\"@FUNIBER\" \/>\n<meta name=\"twitter:site\" content=\"@FUNIBER\" \/>\n<meta name=\"twitter:label1\" content=\"Escrito por\" \/>\n\t<meta name=\"twitter:data1\" content=\"Michelle\" \/>\n\t<meta name=\"twitter:label2\" content=\"Est. tempo de leitura\" \/>\n\t<meta name=\"twitter:data2\" content=\"1 minuto\" \/>\n<script type=\"application\/ld+json\" class=\"yoast-schema-graph\">{\"@context\":\"https:\/\/schema.org\",\"@graph\":[{\"@type\":\"Article\",\"@id\":\"https:\/\/blogs.funiber.org\/pt\/formacao-professores\/2016\/04\/11\/funiber-encontro-nacional-discurso-identidade-e-subjetividade#article\",\"isPartOf\":{\"@id\":\"https:\/\/blogs.funiber.org\/pt\/formacao-professores\/2016\/04\/11\/funiber-encontro-nacional-discurso-identidade-e-subjetividade\"},\"author\":{\"name\":\"Michelle\",\"@id\":\"https:\/\/blogs.funiber.org\/pt\/#\/schema\/person\/a1eaaa5e57eac866a8c5946946bcf80d\"},\"headline\":\"I Encontro Nacional &#8220;Discurso, Identidade e Subjetividade&#8221;\",\"datePublished\":\"2016-04-11T12:49:51+00:00\",\"dateModified\":\"2016-04-12T12:51:22+00:00\",\"mainEntityOfPage\":{\"@id\":\"https:\/\/blogs.funiber.org\/pt\/formacao-professores\/2016\/04\/11\/funiber-encontro-nacional-discurso-identidade-e-subjetividade\"},\"wordCount\":265,\"publisher\":{\"@id\":\"https:\/\/blogs.funiber.org\/pt\/#organization\"},\"keywords\":[\"Alunos FUNIBER\",\"An\u00e1lise do Discurso\",\"Discurso\",\"Educa\u00e7\u00e3o\",\"Educa\u00e7\u00e3o a Dist\u00e2ncia\",\"Encontro\",\"Funiber\",\"FUNIBER Opini\u00f5es\",\"Lingu\u00edstica\",\"Opini\u00e3o FUNIBER\",\"Opini\u00f5es Funiber\",\"Semi\u00f3tica\"],\"articleSection\":[\"Educa\u00e7\u00e3o,\u00a0Forma\u00e7\u00e3o Professores\"],\"inLanguage\":\"pt-BR\"},{\"@type\":\"WebPage\",\"@id\":\"https:\/\/blogs.funiber.org\/pt\/formacao-professores\/2016\/04\/11\/funiber-encontro-nacional-discurso-identidade-e-subjetividade\",\"url\":\"https:\/\/blogs.funiber.org\/pt\/formacao-professores\/2016\/04\/11\/funiber-encontro-nacional-discurso-identidade-e-subjetividade\",\"name\":\"I Encontro Nacional Discurso, Identidade e Subjetividade\",\"isPartOf\":{\"@id\":\"https:\/\/blogs.funiber.org\/pt\/#website\"},\"datePublished\":\"2016-04-11T12:49:51+00:00\",\"dateModified\":\"2016-04-12T12:51:22+00:00\",\"description\":\"Brasil realiza encontro nacional para debater experi\u00eancias e estudos sobre a pr\u00e1tica da An\u00e1lise de Discurso\",\"breadcrumb\":{\"@id\":\"https:\/\/blogs.funiber.org\/pt\/formacao-professores\/2016\/04\/11\/funiber-encontro-nacional-discurso-identidade-e-subjetividade#breadcrumb\"},\"inLanguage\":\"pt-BR\",\"potentialAction\":[{\"@type\":\"ReadAction\",\"target\":[\"https:\/\/blogs.funiber.org\/pt\/formacao-professores\/2016\/04\/11\/funiber-encontro-nacional-discurso-identidade-e-subjetividade\"]}]},{\"@type\":\"BreadcrumbList\",\"@id\":\"https:\/\/blogs.funiber.org\/pt\/formacao-professores\/2016\/04\/11\/funiber-encontro-nacional-discurso-identidade-e-subjetividade#breadcrumb\",\"itemListElement\":[{\"@type\":\"ListItem\",\"position\":1,\"name\":\"In\u00edcio\",\"item\":\"https:\/\/blogs.funiber.org\/pt\"},{\"@type\":\"ListItem\",\"position\":2,\"name\":\"I Encontro Nacional &#8220;Discurso, Identidade e Subjetividade&#8221;\"}]},{\"@type\":\"WebSite\",\"@id\":\"https:\/\/blogs.funiber.org\/pt\/#website\",\"url\":\"https:\/\/blogs.funiber.org\/pt\/\",\"name\":\"FuniBlogs - FUNIBER\",\"description\":\"\",\"publisher\":{\"@id\":\"https:\/\/blogs.funiber.org\/pt\/#organization\"},\"potentialAction\":[{\"@type\":\"SearchAction\",\"target\":{\"@type\":\"EntryPoint\",\"urlTemplate\":\"https:\/\/blogs.funiber.org\/pt\/?s={search_term_string}\"},\"query-input\":\"required name=search_term_string\"}],\"inLanguage\":\"pt-BR\"},{\"@type\":\"Organization\",\"@id\":\"https:\/\/blogs.funiber.org\/pt\/#organization\",\"name\":\"FuniBlogs - FUNIBER\",\"url\":\"https:\/\/blogs.funiber.org\/pt\/\",\"logo\":{\"@type\":\"ImageObject\",\"inLanguage\":\"pt-BR\",\"@id\":\"https:\/\/blogs.funiber.org\/pt\/#\/schema\/logo\/image\/\",\"url\":\"https:\/\/www.funiber.blog\/pt\/wp-content\/uploads\/2022\/02\/logo-funiber-pt-br-v-dos.svg\",\"contentUrl\":\"https:\/\/www.funiber.blog\/pt\/wp-content\/uploads\/2022\/02\/logo-funiber-pt-br-v-dos.svg\",\"width\":1,\"height\":1,\"caption\":\"FuniBlogs - FUNIBER\"},\"image\":{\"@id\":\"https:\/\/blogs.funiber.org\/pt\/#\/schema\/logo\/image\/\"},\"sameAs\":[\"https:\/\/www.facebook.com\/funiber\",\"https:\/\/twitter.com\/FUNIBER\",\"https:\/\/www.instagram.com\/funiber_becas\",\"https:\/\/www.youtube.com\/user\/funiber\",\"https:\/\/www.linkedin.com\/company\/funiber\"]},{\"@type\":\"Person\",\"@id\":\"https:\/\/blogs.funiber.org\/pt\/#\/schema\/person\/a1eaaa5e57eac866a8c5946946bcf80d\",\"name\":\"Michelle\",\"image\":{\"@type\":\"ImageObject\",\"inLanguage\":\"pt-BR\",\"@id\":\"https:\/\/blogs.funiber.org\/pt\/#\/schema\/person\/image\/\",\"url\":\"https:\/\/secure.gravatar.com\/avatar\/5e87041f7609dc50493cf216754fece1?s=96&d=mm&r=g\",\"contentUrl\":\"https:\/\/secure.gravatar.com\/avatar\/5e87041f7609dc50493cf216754fece1?s=96&d=mm&r=g\",\"caption\":\"Michelle\"},\"url\":\"https:\/\/www.funiber.blog\/pt\/author\/michelle-moreira\"}]}<\/script>\n<!-- \/ Yoast SEO plugin. -->","yoast_head_json":{"title":"I Encontro Nacional Discurso, Identidade e Subjetividade","description":"Brasil realiza encontro nacional para debater experi\u00eancias e estudos sobre a pr\u00e1tica da An\u00e1lise de Discurso","robots":{"index":"index","follow":"follow","max-snippet":"max-snippet:-1","max-image-preview":"max-image-preview:large","max-video-preview":"max-video-preview:-1"},"canonical":"https:\/\/blogs.funiber.org\/pt\/formacao-professores\/2016\/04\/11\/funiber-encontro-nacional-discurso-identidade-e-subjetividade","og_locale":"pt_BR","og_type":"article","og_title":"I Encontro Nacional Discurso, Identidade e Subjetividade","og_description":"Brasil realiza encontro nacional para debater experi\u00eancias e estudos sobre a pr\u00e1tica da An\u00e1lise de Discurso","og_url":"https:\/\/blogs.funiber.org\/pt\/formacao-professores\/2016\/04\/11\/funiber-encontro-nacional-discurso-identidade-e-subjetividade","og_site_name":"FuniBlogs - FUNIBER","article_publisher":"https:\/\/www.facebook.com\/funiber","article_published_time":"2016-04-11T12:49:51+00:00","article_modified_time":"2016-04-12T12:51:22+00:00","og_image":[{"width":700,"height":467,"url":"https:\/\/blogs.funiber.org\/pt\/wp-content\/uploads\/2016\/04\/iStock_000075175257_pequeno.jpg","type":"image\/jpeg"}],"author":"Michelle","twitter_card":"summary_large_image","twitter_creator":"@FUNIBER","twitter_site":"@FUNIBER","twitter_misc":{"Escrito por":"Michelle","Est. tempo de leitura":"1 minuto"},"schema":{"@context":"https:\/\/schema.org","@graph":[{"@type":"Article","@id":"https:\/\/blogs.funiber.org\/pt\/formacao-professores\/2016\/04\/11\/funiber-encontro-nacional-discurso-identidade-e-subjetividade#article","isPartOf":{"@id":"https:\/\/blogs.funiber.org\/pt\/formacao-professores\/2016\/04\/11\/funiber-encontro-nacional-discurso-identidade-e-subjetividade"},"author":{"name":"Michelle","@id":"https:\/\/blogs.funiber.org\/pt\/#\/schema\/person\/a1eaaa5e57eac866a8c5946946bcf80d"},"headline":"I Encontro Nacional &#8220;Discurso, Identidade e Subjetividade&#8221;","datePublished":"2016-04-11T12:49:51+00:00","dateModified":"2016-04-12T12:51:22+00:00","mainEntityOfPage":{"@id":"https:\/\/blogs.funiber.org\/pt\/formacao-professores\/2016\/04\/11\/funiber-encontro-nacional-discurso-identidade-e-subjetividade"},"wordCount":265,"publisher":{"@id":"https:\/\/blogs.funiber.org\/pt\/#organization"},"keywords":["Alunos FUNIBER","An\u00e1lise do Discurso","Discurso","Educa\u00e7\u00e3o","Educa\u00e7\u00e3o a Dist\u00e2ncia","Encontro","Funiber","FUNIBER Opini\u00f5es","Lingu\u00edstica","Opini\u00e3o FUNIBER","Opini\u00f5es Funiber","Semi\u00f3tica"],"articleSection":["Educa\u00e7\u00e3o,\u00a0Forma\u00e7\u00e3o Professores"],"inLanguage":"pt-BR"},{"@type":"WebPage","@id":"https:\/\/blogs.funiber.org\/pt\/formacao-professores\/2016\/04\/11\/funiber-encontro-nacional-discurso-identidade-e-subjetividade","url":"https:\/\/blogs.funiber.org\/pt\/formacao-professores\/2016\/04\/11\/funiber-encontro-nacional-discurso-identidade-e-subjetividade","name":"I Encontro Nacional Discurso, Identidade e Subjetividade","isPartOf":{"@id":"https:\/\/blogs.funiber.org\/pt\/#website"},"datePublished":"2016-04-11T12:49:51+00:00","dateModified":"2016-04-12T12:51:22+00:00","description":"Brasil realiza encontro nacional para debater experi\u00eancias e estudos sobre a pr\u00e1tica da An\u00e1lise de Discurso","breadcrumb":{"@id":"https:\/\/blogs.funiber.org\/pt\/formacao-professores\/2016\/04\/11\/funiber-encontro-nacional-discurso-identidade-e-subjetividade#breadcrumb"},"inLanguage":"pt-BR","potentialAction":[{"@type":"ReadAction","target":["https:\/\/blogs.funiber.org\/pt\/formacao-professores\/2016\/04\/11\/funiber-encontro-nacional-discurso-identidade-e-subjetividade"]}]},{"@type":"BreadcrumbList","@id":"https:\/\/blogs.funiber.org\/pt\/formacao-professores\/2016\/04\/11\/funiber-encontro-nacional-discurso-identidade-e-subjetividade#breadcrumb","itemListElement":[{"@type":"ListItem","position":1,"name":"In\u00edcio","item":"https:\/\/blogs.funiber.org\/pt"},{"@type":"ListItem","position":2,"name":"I Encontro Nacional &#8220;Discurso, Identidade e Subjetividade&#8221;"}]},{"@type":"WebSite","@id":"https:\/\/blogs.funiber.org\/pt\/#website","url":"https:\/\/blogs.funiber.org\/pt\/","name":"FuniBlogs - FUNIBER","description":"","publisher":{"@id":"https:\/\/blogs.funiber.org\/pt\/#organization"},"potentialAction":[{"@type":"SearchAction","target":{"@type":"EntryPoint","urlTemplate":"https:\/\/blogs.funiber.org\/pt\/?s={search_term_string}"},"query-input":"required name=search_term_string"}],"inLanguage":"pt-BR"},{"@type":"Organization","@id":"https:\/\/blogs.funiber.org\/pt\/#organization","name":"FuniBlogs - FUNIBER","url":"https:\/\/blogs.funiber.org\/pt\/","logo":{"@type":"ImageObject","inLanguage":"pt-BR","@id":"https:\/\/blogs.funiber.org\/pt\/#\/schema\/logo\/image\/","url":"https:\/\/www.funiber.blog\/pt\/wp-content\/uploads\/2022\/02\/logo-funiber-pt-br-v-dos.svg","contentUrl":"https:\/\/www.funiber.blog\/pt\/wp-content\/uploads\/2022\/02\/logo-funiber-pt-br-v-dos.svg","width":1,"height":1,"caption":"FuniBlogs - FUNIBER"},"image":{"@id":"https:\/\/blogs.funiber.org\/pt\/#\/schema\/logo\/image\/"},"sameAs":["https:\/\/www.facebook.com\/funiber","https:\/\/twitter.com\/FUNIBER","https:\/\/www.instagram.com\/funiber_becas","https:\/\/www.youtube.com\/user\/funiber","https:\/\/www.linkedin.com\/company\/funiber"]},{"@type":"Person","@id":"https:\/\/blogs.funiber.org\/pt\/#\/schema\/person\/a1eaaa5e57eac866a8c5946946bcf80d","name":"Michelle","image":{"@type":"ImageObject","inLanguage":"pt-BR","@id":"https:\/\/blogs.funiber.org\/pt\/#\/schema\/person\/image\/","url":"https:\/\/secure.gravatar.com\/avatar\/5e87041f7609dc50493cf216754fece1?s=96&d=mm&r=g","contentUrl":"https:\/\/secure.gravatar.com\/avatar\/5e87041f7609dc50493cf216754fece1?s=96&d=mm&r=g","caption":"Michelle"},"url":"https:\/\/www.funiber.blog\/pt\/author\/michelle-moreira"}]}},"jetpack_featured_media_url":"https:\/\/www.funiber.blog\/pt\/wp-content\/uploads\/2016\/04\/iStock_000075175257_pequeno.jpg","jetpack_shortlink":"https:\/\/wp.me\/p7ee1t-2zE","jetpack_sharing_enabled":true,"_links":{"self":[{"href":"https:\/\/www.funiber.blog\/pt\/wp-json\/wp\/v2\/posts\/9898"}],"collection":[{"href":"https:\/\/www.funiber.blog\/pt\/wp-json\/wp\/v2\/posts"}],"about":[{"href":"https:\/\/www.funiber.blog\/pt\/wp-json\/wp\/v2\/types\/post"}],"author":[{"embeddable":true,"href":"https:\/\/www.funiber.blog\/pt\/wp-json\/wp\/v2\/users\/10"}],"replies":[{"embeddable":true,"href":"https:\/\/www.funiber.blog\/pt\/wp-json\/wp\/v2\/comments?post=9898"}],"version-history":[{"count":2,"href":"https:\/\/www.funiber.blog\/pt\/wp-json\/wp\/v2\/posts\/9898\/revisions"}],"predecessor-version":[{"id":9901,"href":"https:\/\/www.funiber.blog\/pt\/wp-json\/wp\/v2\/posts\/9898\/revisions\/9901"}],"wp:featuredmedia":[{"embeddable":true,"href":"https:\/\/www.funiber.blog\/pt\/wp-json\/wp\/v2\/media\/9899"}],"wp:attachment":[{"href":"https:\/\/www.funiber.blog\/pt\/wp-json\/wp\/v2\/media?parent=9898"}],"wp:term":[{"taxonomy":"category","embeddable":true,"href":"https:\/\/www.funiber.blog\/pt\/wp-json\/wp\/v2\/categories?post=9898"},{"taxonomy":"post_tag","embeddable":true,"href":"https:\/\/www.funiber.blog\/pt\/wp-json\/wp\/v2\/tags?post=9898"}],"curies":[{"name":"wp","href":"https:\/\/api.w.org\/{rel}","templated":true}]}}